{"id":269235,"date":"2020-10-03T14:45:53","date_gmt":"2020-10-03T17:45:53","guid":{"rendered":"https:\/\/notinor.com\/jujuy\/?p=269235"},"modified":"2020-10-03T14:45:58","modified_gmt":"2020-10-03T17:45:58","slug":"ferrari-omologata-una-pieza-unica-a-pedido-de-un-cliente","status":"publish","type":"post","link":"https:\/\/notinor.com\/jujuy\/ferrari-omologata-una-pieza-unica-a-pedido-de-un-cliente\/","title":{"rendered":"Ferrari Omologata, una pieza \u00fanica a pedido de un cliente"},"content":{"rendered":"\n<p>Se trata de un \"one-off\" en homenaje al legendario 250 GTO de la d\u00e9cada de 1960, un modelo de carrera que se convirti\u00f3 en el m\u00e1s afamado y codiciado por los fan\u00e1ticos de la marca del Cavallino Rampante.<\/p>\n\n\n\n<figure class=\"wp-block-image\"><img decoding=\"async\" src=\"https:\/\/fotos.perfil.com\/2020\/09\/29\/trim\/1280\/720\/ferrari-omologata-1052207.jpg\" alt=\"\"\/><\/figure>\n\n\n\n<p><strong>Ferrari Omologata&nbsp;<\/strong>es resultado de un proceso muy minucioso por parte de los ingenieros la casa de&nbsp;<strong>Maranello<\/strong>, quienes crearon esta pieza \u00fanica a pedido de un cliente del&nbsp;<strong>Viejo Continente<\/strong>, tan an\u00f3nimo como afortunado.<\/p>\n\n\n\n<p>Est\u00e9ticamente expresa modernidad, sin dejar de lado claros gui\u00f1os al pasado de la marca que lleva m\u00e1s de<strong>&nbsp;setenta a\u00f1os fabricando modelos Gran Turismo.<\/strong>&nbsp;Flavio Manzoni (jefe de dise\u00f1o de Ferrari) explic\u00f3 que&nbsp;<em>\"han trabajado en colaboraci\u00f3n estrecha con su afortunado propietario para elaborar una silueta elegante y exclusiva\"<\/em>.<\/p>\n\n\n\n<figure class=\"wp-block-image\"><img decoding=\"async\" src=\"https:\/\/fotos.perfil.com\/\/2020\/09\/29\/900\/0\/ferrari-omologata-1052211.jpg\" alt=\"Ferrari Omologata\"\/><\/figure>\n\n\n\n<p><strong>La carrocer\u00eda es de aluminio<\/strong>&nbsp;y est\u00e1 construida a mano: desde<a target=\"_blank\" href=\"https:\/\/parabrisas.perfil.com\/noticias\/novedades\/ferrari-coleccion-modelos-emblematicos-mas-10-enzo-aniversario.phtml\" rel=\"noreferrer noopener\">la marca del Cavallino Rampante<\/a>&nbsp;aseguran que est\u00e1 plagada de detalles, muchos de ellos imperceptibles, que desaf\u00edan a los entusiastas a identificar todas las fuentes de inspiraci\u00f3n, que jugaron un papel preponderante en su creaci\u00f3n.<\/p>\n\n\n\n<p>Para aprovechar las proporciones de una arquitectura existente dentro de la firma de Maranello, la plataforma utilizada para dar vida a la&nbsp;<strong>Ferrari Omologata<\/strong>&nbsp;es la misma del&nbsp;<strong>812 Superfast<\/strong>, modelo del que s\u00f3lo se conserv\u00f3&nbsp;el parabrisas y los faros.<\/p>\n\n\n\n<figure class=\"wp-block-image\"><img decoding=\"async\" src=\"https:\/\/fotos.perfil.com\/\/2020\/09\/29\/900\/0\/ferrari-omologata-1052208.jpg\" alt=\"Ferrari Omologata\"\/><\/figure>\n\n\n\n<p>Como no pod\u00eda ser de otra manera, la carrocer\u00eda est\u00e1 pintada con&nbsp;<strong>el emblem\u00e1tico color rojo Magma,<\/strong>&nbsp;aunque&nbsp;en este caso&nbsp;tiene una tonalidad espec\u00edfica.&nbsp;Al mismo tiempo,&nbsp;luce una llamativa pero refinada decoraci\u00f3n (ploteo) en homenaje a los hist\u00f3ricos&nbsp;<strong>Gran Turismo&nbsp;<\/strong>de la marca, fundamentalmente al&nbsp;<strong>250 GTO de la d\u00e9cada de 1960. Aquel<\/strong>&nbsp;modelo fue creado para las pistas y, dados sus logros deportivos y su escultural&nbsp;figura, se convirti\u00f3 en el m\u00e1s afamado y codiciado por los fan\u00e1ticos de&nbsp;<strong>Ferrari<\/strong>.<\/p>\n\n\n\n<p>No hay muchas im\u00e1genes del interior, pero se advierte un ambiente oscuro, contrastado por la elecci\u00f3n del&nbsp;<strong>color azul el\u00e9ctrico para los asientos<\/strong>, que combinan un tapizado de cuero y tela, mientras que las butacas equipan cinturones de seguridad de competici\u00f3n con&nbsp;cuatro puntos de anclaje.<\/p>\n\n\n\n<figure class=\"wp-block-image\"><img decoding=\"async\" src=\"https:\/\/fotos.perfil.com\/\/2020\/09\/29\/900\/0\/ferrari-omologata-1052205.jpg\" alt=\"Ferrari Omologata\"\/><\/figure>\n\n\n\n<p>Bajo el cap\u00f3, la&nbsp;<strong>Ferrari Omologata<\/strong>&nbsp;monta un propulsor&nbsp;<strong>V12 de 800 caballos de fuerza ubicado en posici\u00f3n delantera<\/strong>, asociado con una transmisi\u00f3n autom\u00e1tica de doble embrague de siete velocidades, mientras que la tracci\u00f3n est\u00e1 a cargo de las ruedas traseras.<\/p>\n\n\n\n<p>No hay datos oficiales acerca de su performance, pero se estima que las prestaciones de la&nbsp;<strong>Ferrari Omologata<\/strong>&nbsp;sean similares a la del&nbsp;<strong>812 Superfast<\/strong>, modelo del cual toma la mec\u00e1nica. En ese sentido, se puede presumir que la v<strong>elocidad m\u00e1xima est\u00e9 en torno a los 340 km\/h<\/strong>, mientras que la aceleraci\u00f3n de 0 a 100 sea inferior a los tres segundos.<\/p>\n\n\n\n<p>Al tratarse de una pieza por encargo,&nbsp;<strong>Ferrari no dio a conocer su precio<\/strong>, tampoco la identidad de su afortunado propietario.<\/p>\n","protected":false},"excerpt":{"rendered":"<p>Se trata de un \"one-off\" en homenaje al legendario 250 GTO de la d\u00e9cada de 1960, un modelo de carrera que se convirti\u00f3 en el m\u00e1s afamado y codiciado por los fan\u00e1ticos de la marca del Cavallino Rampante. Ferrari Omologata&nbsp;es resultado de un proceso muy minucioso por parte de los ingenieros la casa de&nbsp;Maranello, quienes [&hellip;]<\/p>\n","protected":false},"author":40,"featured_media":269236,"comment_status":"open","ping_status":"open","sticky":false,"template":"","format":"standard","meta":{"_stopmodifiedupdate":false,"_modified_date":"","inline_featured_image":false,"spay_email":"","jetpack_publicize_message":""},"categories":[16],"tags":[],"jetpack_featured_media_url":"https:\/\/notinor.com\/jujuy\/wp-content\/uploads\/2020\/10\/ferrari-omologata-1052207.jpg","jetpack_publicize_connections":[],"_links":{"self":[{"href":"https:\/\/notinor.com\/jujuy\/wp-json\/wp\/v2\/posts\/269235"}],"collection":[{"href":"https:\/\/notinor.com\/jujuy\/wp-json\/wp\/v2\/posts"}],"about":[{"href":"https:\/\/notinor.com\/jujuy\/wp-json\/wp\/v2\/types\/post"}],"author":[{"embeddable":true,"href":"https:\/\/notinor.com\/jujuy\/wp-json\/wp\/v2\/users\/40"}],"replies":[{"embeddable":true,"href":"https:\/\/notinor.com\/jujuy\/wp-json\/wp\/v2\/comments?post=269235"}],"version-history":[{"count":1,"href":"https:\/\/notinor.com\/jujuy\/wp-json\/wp\/v2\/posts\/269235\/revisions"}],"predecessor-version":[{"id":269237,"href":"https:\/\/notinor.com\/jujuy\/wp-json\/wp\/v2\/posts\/269235\/revisions\/269237"}],"wp:featuredmedia":[{"embeddable":true,"href":"https:\/\/notinor.com\/jujuy\/wp-json\/wp\/v2\/media\/269236"}],"wp:attachment":[{"href":"https:\/\/notinor.com\/jujuy\/wp-json\/wp\/v2\/media?parent=269235"}],"wp:term":[{"taxonomy":"category","embeddable":true,"href":"https:\/\/notinor.com\/jujuy\/wp-json\/wp\/v2\/categories?post=269235"},{"taxonomy":"post_tag","embeddable":true,"href":"https:\/\/notinor.com\/jujuy\/wp-json\/wp\/v2\/tags?post=269235"}],"curies":[{"name":"wp","href":"https:\/\/api.w.org\/{rel}","templated":true}]}}