{"id":267019,"date":"2020-09-22T08:58:00","date_gmt":"2020-09-22T11:58:00","guid":{"rendered":"https:\/\/notinor.com\/jujuy\/?p=267019"},"modified":"2020-09-22T11:04:10","modified_gmt":"2020-09-22T14:04:10","slug":"huarita-cairo-juan","status":"publish","type":"post","link":"https:\/\/notinor.com\/jujuy\/huarita-cairo-juan\/","title":{"rendered":"HUARITA CAIRO, Juan"},"content":{"rendered":"\n<p><strong>Falleci\u00f3 el d\u00eda 20 de septiembre de 2020, a hs. 16:30. C.A.S.R. y B.P., a la edad de 79 a\u00f1os. Su esposa: Elza Marcelina de la Cruz; sus hijos: Jos\u00e9 y Sof\u00eda; su hija pol\u00edtica: Tete; su nieta: Andrea y dem\u00e1s familiares comunican a sus amistades y personas piadosas que sus restos fueron inhumados ayer 21 de septiembre en el cementerio El Jard\u00edn del Castillo. Ruegan elevar una oraci\u00f3n en su memoria. Servicio de tanatopraxia y ceremonial empresa Futuro SRL. Ram\u00edrez de Velazco 137 S.S. de Jujuy, Jujuy. Tel. 0388- 4240090- 4232086. Para Caruso SA.<\/strong><\/p>\n","protected":false},"excerpt":{"rendered":"<p>Falleci\u00f3 el d\u00eda 20 de septiembre de 2020, a hs. 16:30. C.A.S.R. y B.P., a la edad de 79 a\u00f1os. Su esposa: Elza Marcelina de la Cruz; sus hijos: Jos\u00e9 y Sof\u00eda; su hija pol\u00edtica: Tete; su nieta: Andrea y dem\u00e1s familiares comunican a sus amistades y personas piadosas que sus restos fueron inhumados ayer [&hellip;]<\/p>\n","protected":false},"author":5,"featured_media":130005,"comment_status":"open","ping_status":"open","sticky":false,"template":"","format":"standard","meta":{"_stopmodifiedupdate":false,"_modified_date":"","inline_featured_image":false,"spay_email":"","jetpack_publicize_message":""},"categories":[523],"tags":[],"jetpack_featured_media_url":"https:\/\/notinor.com\/jujuy\/wp-content\/uploads\/2017\/08\/Obituarios-1.jpg","jetpack_publicize_connections":[],"_links":{"self":[{"href":"https:\/\/notinor.com\/jujuy\/wp-json\/wp\/v2\/posts\/267019"}],"collection":[{"href":"https:\/\/notinor.com\/jujuy\/wp-json\/wp\/v2\/posts"}],"about":[{"href":"https:\/\/notinor.com\/jujuy\/wp-json\/wp\/v2\/types\/post"}],"author":[{"embeddable":true,"href":"https:\/\/notinor.com\/jujuy\/wp-json\/wp\/v2\/users\/5"}],"replies":[{"embeddable":true,"href":"https:\/\/notinor.com\/jujuy\/wp-json\/wp\/v2\/comments?post=267019"}],"version-history":[{"count":1,"href":"https:\/\/notinor.com\/jujuy\/wp-json\/wp\/v2\/posts\/267019\/revisions"}],"predecessor-version":[{"id":267021,"href":"https:\/\/notinor.com\/jujuy\/wp-json\/wp\/v2\/posts\/267019\/revisions\/267021"}],"wp:featuredmedia":[{"embeddable":true,"href":"https:\/\/notinor.com\/jujuy\/wp-json\/wp\/v2\/media\/130005"}],"wp:attachment":[{"href":"https:\/\/notinor.com\/jujuy\/wp-json\/wp\/v2\/media?parent=267019"}],"wp:term":[{"taxonomy":"category","embeddable":true,"href":"https:\/\/notinor.com\/jujuy\/wp-json\/wp\/v2\/categories?post=267019"},{"taxonomy":"post_tag","embeddable":true,"href":"https:\/\/notinor.com\/jujuy\/wp-json\/wp\/v2\/tags?post=267019"}],"curies":[{"name":"wp","href":"https:\/\/api.w.org\/{rel}","templated":true}]}}