{"id":266995,"date":"2020-09-22T09:02:02","date_gmt":"2020-09-22T12:02:02","guid":{"rendered":"https:\/\/notinor.com\/jujuy\/?p=266995"},"modified":"2020-09-22T10:35:47","modified_gmt":"2020-09-22T13:35:47","slug":"marcuzzi-horacio-pedro","status":"publish","type":"post","link":"https:\/\/notinor.com\/jujuy\/marcuzzi-horacio-pedro\/","title":{"rendered":"MARCUZZI, Horacio Pedro"},"content":{"rendered":"\n<p><strong>Falleci\u00f3 el d\u00eda 20 de septiembre de 2020, a hs. 17:00. C..R. y B.P., a la edad de 53 a\u00f1os. Su esposa: Miriam Medina; sus hijos: \u00cdtalo, Federico, Andrea, Mar\u00eda Emilia y Jorgelina; sus nietos: Nicola, Benjam\u00edn y Victoria y dem\u00e1s familiares comunican a sus amistades y personas piadosas que sus restos fueron inhumados ayer 21 de septiembre en el cementerio El Jard\u00edn del Castillo. Ruegan elevar una oraci\u00f3n en su memoria. Servicio de tanatopraxia y ceremonial empresa Futuro SRL. Ram\u00edrez de Velazco 137 S.S. de Jujuy, Jujuy. Tel. 0388- 4240090-4232086. Para Caruso SA.<\/strong><\/p>\n","protected":false},"excerpt":{"rendered":"<p>Falleci\u00f3 el d\u00eda 20 de septiembre de 2020, a hs. 17:00. C..R. y B.P., a la edad de 53 a\u00f1os. Su esposa: Miriam Medina; sus hijos: \u00cdtalo, Federico, Andrea, Mar\u00eda Emilia y Jorgelina; sus nietos: Nicola, Benjam\u00edn y Victoria y dem\u00e1s familiares comunican a sus amistades y personas piadosas que sus restos fueron inhumados ayer [&hellip;]<\/p>\n","protected":false},"author":5,"featured_media":130005,"comment_status":"open","ping_status":"open","sticky":false,"template":"","format":"standard","meta":{"_stopmodifiedupdate":false,"_modified_date":"","inline_featured_image":false,"spay_email":"","jetpack_publicize_message":""},"categories":[523],"tags":[],"jetpack_featured_media_url":"https:\/\/notinor.com\/jujuy\/wp-content\/uploads\/2017\/08\/Obituarios-1.jpg","jetpack_publicize_connections":[],"_links":{"self":[{"href":"https:\/\/notinor.com\/jujuy\/wp-json\/wp\/v2\/posts\/266995"}],"collection":[{"href":"https:\/\/notinor.com\/jujuy\/wp-json\/wp\/v2\/posts"}],"about":[{"href":"https:\/\/notinor.com\/jujuy\/wp-json\/wp\/v2\/types\/post"}],"author":[{"embeddable":true,"href":"https:\/\/notinor.com\/jujuy\/wp-json\/wp\/v2\/users\/5"}],"replies":[{"embeddable":true,"href":"https:\/\/notinor.com\/jujuy\/wp-json\/wp\/v2\/comments?post=266995"}],"version-history":[{"count":1,"href":"https:\/\/notinor.com\/jujuy\/wp-json\/wp\/v2\/posts\/266995\/revisions"}],"predecessor-version":[{"id":267008,"href":"https:\/\/notinor.com\/jujuy\/wp-json\/wp\/v2\/posts\/266995\/revisions\/267008"}],"wp:featuredmedia":[{"embeddable":true,"href":"https:\/\/notinor.com\/jujuy\/wp-json\/wp\/v2\/media\/130005"}],"wp:attachment":[{"href":"https:\/\/notinor.com\/jujuy\/wp-json\/wp\/v2\/media?parent=266995"}],"wp:term":[{"taxonomy":"category","embeddable":true,"href":"https:\/\/notinor.com\/jujuy\/wp-json\/wp\/v2\/categories?post=266995"},{"taxonomy":"post_tag","embeddable":true,"href":"https:\/\/notinor.com\/jujuy\/wp-json\/wp\/v2\/tags?post=266995"}],"curies":[{"name":"wp","href":"https:\/\/api.w.org\/{rel}","templated":true}]}}