{"id":266990,"date":"2020-09-22T09:00:00","date_gmt":"2020-09-22T12:00:00","guid":{"rendered":"https:\/\/notinor.com\/jujuy\/?p=266990"},"modified":"2020-09-22T10:36:43","modified_gmt":"2020-09-22T13:36:43","slug":"hurtadojose-santiago-tamalito","status":"publish","type":"post","link":"https:\/\/notinor.com\/jujuy\/hurtadojose-santiago-tamalito\/","title":{"rendered":"HURTADO,Jos\u00e9 Santiago \u201cTamalito\u201d"},"content":{"rendered":"\n<p><strong> Falleci\u00f3 el d\u00eda19 de septiembre de 2020. C.A.S.R. y B.P. Se\u00f1or Dios nuestro, tomaste la decisi\u00f3n de llevar a nuestro padre, a una mejor vida te pedimos que recibas en tu Santa Gloria y que brille para la luz que no tiene fin. Hoy viejito querido sabemos que vas camino al Cielo al encuentro de tu amada esposa. Hoy tus hijos, nueras y nietos decimos hasta pronto. Ruegan elevar una oraci\u00f3n por el eterno descans\u00f3 de su alma. Exequias, tanatopraxia, servicios funerarios a cargo de empresa Norte Servicios Sociales, calle Salta 891, San Salvador de Jujuy. Tel. 388-4242846. Guardias las 24 horas oras al tel\u00e9fono 388-5860894. Suc. Abra Pampa, Avellaneda N\u00b0 115. Tel. 388- 4327153. Complejo velatorio Norte, Afata esq. El Cedro, Ruta 9, Alto Comedero. Tel 388-5858999.<\/strong><\/p>\n","protected":false},"excerpt":{"rendered":"<p>Falleci\u00f3 el d\u00eda19 de septiembre de 2020. C.A.S.R. y B.P. Se\u00f1or Dios nuestro, tomaste la decisi\u00f3n de llevar a nuestro padre, a una mejor vida te pedimos que recibas en tu Santa Gloria y que brille para la luz que no tiene fin. Hoy viejito querido sabemos que vas camino al Cielo al encuentro de [&hellip;]<\/p>\n","protected":false},"author":5,"featured_media":130005,"comment_status":"open","ping_status":"open","sticky":false,"template":"","format":"standard","meta":{"_stopmodifiedupdate":false,"_modified_date":"","inline_featured_image":false,"spay_email":"","jetpack_publicize_message":""},"categories":[523],"tags":[],"jetpack_featured_media_url":"https:\/\/notinor.com\/jujuy\/wp-content\/uploads\/2017\/08\/Obituarios-1.jpg","jetpack_publicize_connections":[],"_links":{"self":[{"href":"https:\/\/notinor.com\/jujuy\/wp-json\/wp\/v2\/posts\/266990"}],"collection":[{"href":"https:\/\/notinor.com\/jujuy\/wp-json\/wp\/v2\/posts"}],"about":[{"href":"https:\/\/notinor.com\/jujuy\/wp-json\/wp\/v2\/types\/post"}],"author":[{"embeddable":true,"href":"https:\/\/notinor.com\/jujuy\/wp-json\/wp\/v2\/users\/5"}],"replies":[{"embeddable":true,"href":"https:\/\/notinor.com\/jujuy\/wp-json\/wp\/v2\/comments?post=266990"}],"version-history":[{"count":1,"href":"https:\/\/notinor.com\/jujuy\/wp-json\/wp\/v2\/posts\/266990\/revisions"}],"predecessor-version":[{"id":266994,"href":"https:\/\/notinor.com\/jujuy\/wp-json\/wp\/v2\/posts\/266990\/revisions\/266994"}],"wp:featuredmedia":[{"embeddable":true,"href":"https:\/\/notinor.com\/jujuy\/wp-json\/wp\/v2\/media\/130005"}],"wp:attachment":[{"href":"https:\/\/notinor.com\/jujuy\/wp-json\/wp\/v2\/media?parent=266990"}],"wp:term":[{"taxonomy":"category","embeddable":true,"href":"https:\/\/notinor.com\/jujuy\/wp-json\/wp\/v2\/categories?post=266990"},{"taxonomy":"post_tag","embeddable":true,"href":"https:\/\/notinor.com\/jujuy\/wp-json\/wp\/v2\/tags?post=266990"}],"curies":[{"name":"wp","href":"https:\/\/api.w.org\/{rel}","templated":true}]}}