{"id":266957,"date":"2020-09-21T20:51:27","date_gmt":"2020-09-21T23:51:27","guid":{"rendered":"https:\/\/notinor.com\/jujuy\/?p=266957"},"modified":"2020-09-21T20:51:36","modified_gmt":"2020-09-21T23:51:36","slug":"covid-19-en-jujuy-101-nuevos-casos-y-4-decesos","status":"publish","type":"post","link":"https:\/\/notinor.com\/jujuy\/covid-19-en-jujuy-101-nuevos-casos-y-4-decesos\/","title":{"rendered":"COVID-19 en Jujuy: 101 nuevos casos y 4 decesos"},"content":{"rendered":"\n<p>El Comit\u00e9 Operativo de Emergencia inform\u00f3 la situaci\u00f3n sanitaria y epidemiol\u00f3gica de la provincia. <\/p>\n\n\n\n<figure class=\"wp-block-image size-large\"><img decoding=\"async\" loading=\"lazy\" width=\"719\" height=\"480\" src=\"https:\/\/notinor.com\/jujuy\/wp-content\/uploads\/2020\/09\/GM-Barrio-el-Progreso-Recorrido-2-1140x761-1-719x480.jpg\" alt=\"\" class=\"wp-image-266677\" srcset=\"https:\/\/notinor.com\/jujuy\/wp-content\/uploads\/2020\/09\/GM-Barrio-el-Progreso-Recorrido-2-1140x761-1-719x480.jpg 719w, https:\/\/notinor.com\/jujuy\/wp-content\/uploads\/2020\/09\/GM-Barrio-el-Progreso-Recorrido-2-1140x761-1-547x365.jpg 547w, https:\/\/notinor.com\/jujuy\/wp-content\/uploads\/2020\/09\/GM-Barrio-el-Progreso-Recorrido-2-1140x761-1-768x513.jpg 768w, https:\/\/notinor.com\/jujuy\/wp-content\/uploads\/2020\/09\/GM-Barrio-el-Progreso-Recorrido-2-1140x761-1-750x501.jpg 750w, https:\/\/notinor.com\/jujuy\/wp-content\/uploads\/2020\/09\/GM-Barrio-el-Progreso-Recorrido-2-1140x761-1.jpg 1140w\" sizes=\"(max-width: 719px) 100vw, 719px\" \/><\/figure>\n\n\n\n<p>La Subdirecci\u00f3n de Epidemiolog\u00eda inform\u00f3 que hoy  lunes se confirmaron 101 nuevos casos de COVID-19 en la provincia, 4 fallecimientos y recibieron el alta m\u00e9dica 114 pacientes.<\/p>\n\n\n\n<h2>Estado de situaci\u00f3n desde el inicio de la pandemia:<\/h2>\n\n\n\n<p><br>Hasta el momento se realizaron 37795 tests PCR en toda la provincia, arrojando un total de 14251 casos positivos. Se recuperaron de la enfermedad 7010. Fallecieron 439 personas.<\/p>\n\n\n\n<ul><li>Los CASOS ACTIVOS a la fecha son 6806.<\/li><\/ul>\n\n\n\n<h2>Detalle de casos positivos seg\u00fan localidad:<\/h2>\n\n\n\n<p><br>San Salvador de Jujuy 33<br>San Pedro 16<br>Palpal\u00e1 8<br>Abra Pampa 7<br>Humahuaca 5<br>El Carmen 3<br>Purmamarca (Moreno) 3<br>Tilcara 3<br>Calilegua 2<br>Libertador Gral. San Mart\u00edn 2<br>Monterrico 2<br>Rodeito 2<br>Fraile Pintado 1<br>La Mendieta 1<br>La Quiaca 1<br>Perico 1<br>Puesto Viejo 1<br>Santa Clara 1<br>Santuario de Tres Pozos (Abdon Castro Tolay) 1<br>Susques 1<br>En averiguaci\u00f3n 7<\/p>\n\n\n\n<h2>Decesos<\/h2>\n\n\n\n<p>Se registraron 4 fallecimientos por covid-19: tres hombres y una mujer, de entre 55 y 73 a\u00f1os de edad.<\/p>\n","protected":false},"excerpt":{"rendered":"<p>El Comit\u00e9 Operativo de Emergencia inform\u00f3 la situaci\u00f3n sanitaria y epidemiol\u00f3gica de la provincia. La Subdirecci\u00f3n de Epidemiolog\u00eda inform\u00f3 que hoy lunes se confirmaron 101 nuevos casos de COVID-19 en la provincia, 4 fallecimientos y recibieron el alta m\u00e9dica 114 pacientes. Estado de situaci\u00f3n desde el inicio de la pandemia: Hasta el momento se realizaron [&hellip;]<\/p>\n","protected":false},"author":37,"featured_media":266677,"comment_status":"open","ping_status":"open","sticky":false,"template":"","format":"standard","meta":{"_stopmodifiedupdate":false,"_modified_date":"","inline_featured_image":false,"spay_email":"","jetpack_publicize_message":""},"categories":[2],"tags":[],"jetpack_featured_media_url":"https:\/\/notinor.com\/jujuy\/wp-content\/uploads\/2020\/09\/GM-Barrio-el-Progreso-Recorrido-2-1140x761-1.jpg","jetpack_publicize_connections":[],"_links":{"self":[{"href":"https:\/\/notinor.com\/jujuy\/wp-json\/wp\/v2\/posts\/266957"}],"collection":[{"href":"https:\/\/notinor.com\/jujuy\/wp-json\/wp\/v2\/posts"}],"about":[{"href":"https:\/\/notinor.com\/jujuy\/wp-json\/wp\/v2\/types\/post"}],"author":[{"embeddable":true,"href":"https:\/\/notinor.com\/jujuy\/wp-json\/wp\/v2\/users\/37"}],"replies":[{"embeddable":true,"href":"https:\/\/notinor.com\/jujuy\/wp-json\/wp\/v2\/comments?post=266957"}],"version-history":[{"count":1,"href":"https:\/\/notinor.com\/jujuy\/wp-json\/wp\/v2\/posts\/266957\/revisions"}],"predecessor-version":[{"id":266958,"href":"https:\/\/notinor.com\/jujuy\/wp-json\/wp\/v2\/posts\/266957\/revisions\/266958"}],"wp:featuredmedia":[{"embeddable":true,"href":"https:\/\/notinor.com\/jujuy\/wp-json\/wp\/v2\/media\/266677"}],"wp:attachment":[{"href":"https:\/\/notinor.com\/jujuy\/wp-json\/wp\/v2\/media?parent=266957"}],"wp:term":[{"taxonomy":"category","embeddable":true,"href":"https:\/\/notinor.com\/jujuy\/wp-json\/wp\/v2\/categories?post=266957"},{"taxonomy":"post_tag","embeddable":true,"href":"https:\/\/notinor.com\/jujuy\/wp-json\/wp\/v2\/tags?post=266957"}],"curies":[{"name":"wp","href":"https:\/\/api.w.org\/{rel}","templated":true}]}}