{"id":266952,"date":"2020-09-21T18:55:23","date_gmt":"2020-09-21T21:55:23","guid":{"rendered":"https:\/\/notinor.com\/jujuy\/?p=266952"},"modified":"2020-09-21T18:55:27","modified_gmt":"2020-09-21T21:55:27","slug":"salta-el-gobierno-debera-indemnizar-a-una-familia-por-no-evitar-un-femicidio","status":"publish","type":"post","link":"https:\/\/notinor.com\/jujuy\/salta-el-gobierno-debera-indemnizar-a-una-familia-por-no-evitar-un-femicidio\/","title":{"rendered":"Salta: el Gobierno deber\u00e1 indemnizar a una familia por no evitar un femicidio"},"content":{"rendered":"\n<p>Es el primer caso del pa\u00eds. El femicida es un ex polic\u00eda y hab\u00eda advertido sobre lo que iba a hacer.<\/p>\n\n\n\n<figure class=\"wp-block-image size-large\"><img decoding=\"async\" loading=\"lazy\" width=\"791\" height=\"445\" src=\"https:\/\/notinor.com\/jujuy\/wp-content\/uploads\/2020\/09\/femicidio-salta.jpeg\" alt=\"\" class=\"wp-image-266953\" srcset=\"https:\/\/notinor.com\/jujuy\/wp-content\/uploads\/2020\/09\/femicidio-salta.jpeg 791w, https:\/\/notinor.com\/jujuy\/wp-content\/uploads\/2020\/09\/femicidio-salta-649x365.jpeg 649w, https:\/\/notinor.com\/jujuy\/wp-content\/uploads\/2020\/09\/femicidio-salta-500x280.jpeg 500w, https:\/\/notinor.com\/jujuy\/wp-content\/uploads\/2020\/09\/femicidio-salta-768x432.jpeg 768w, https:\/\/notinor.com\/jujuy\/wp-content\/uploads\/2020\/09\/femicidio-salta-750x422.jpeg 750w\" sizes=\"(max-width: 791px) 100vw, 791px\" \/><\/figure>\n\n\n\n<p>Por primera vez,<strong>\u00a0la Justicia conden\u00f3 a un gobierno provincial por un caso de femicidio que se podr\u00eda haber evitado<\/strong>.\u00a0As\u00ed lo interpret\u00f3 la Sala Tercera del Tribunal de Impugnaci\u00f3n de Salta, que orden\u00f3 a la Provincia a pagar una indemnizaci\u00f3n de 2.600.000 pesos a la familia de la v\u00edctima.\u00a0<\/p>\n\n\n\n<p>El hecho ocurri\u00f3 el<strong>&nbsp;20 de noviembre de 2014<\/strong>.&nbsp;Ese d\u00eda, el ex polic\u00eda Jos\u00e9 Adri\u00e1n Chilo, despu\u00e9s de&nbsp;anticiparle por tel\u00e9fono&nbsp;a una de sus hijas lo que iba a hacer,&nbsp;<strong>asesin\u00f3 a Claudia Alejandra Sierralta Carrizo<\/strong>, su ex mujer, de dos disparos con su pistola reglamentaria.<\/p>\n\n\n\n<p>El dato m\u00e1s relevante que consta en la causa, es que\u00a0<strong>el hombre tambi\u00e9n\u00a0hab\u00eda\u00a0advertido a los m\u00e9dicos de la Polic\u00eda\u00a0salte\u00f1a sobre lo que pod\u00eda ocurrir.<\/strong>\u00a0Chilo manifest\u00f3 que ten\u00eda problemas con su adicci\u00f3n a las drogas, que estaba alterado mentalmente y pidi\u00f3 que le quitaran su pistola.<\/p>\n\n\n\n<p>\u201cLa Provincia de Salta, a trav\u00e9s de las autoridades policiales tuvo pleno conocimiento de la situaci\u00f3n de violencia familiar existente entre el hoy condenado y la v\u00edctima Sierralta. Tuvieron tambi\u00e9n conocimiento del estado de inestabilidad emocional de Chilo.&nbsp;<strong>Ten\u00edan la certeza de que Chilo ten\u00eda bajo su custodia, a su alcance y plena disponibilidad un arma<\/strong>\u201d, afirmaron los jueces.<\/p>\n\n\n\n<p>Para el tribunal, \u00e9ste fue un caso de violencia extrema<strong>\u00a0\u201cclaramente previsible para el Estado\u201d<\/strong>. Por su parte, el ex polic\u00eda seguir\u00e1 preso y la Justicia ratific\u00f3\u00a0la condena a cadena perpetua.<\/p>\n\n\n\n<p><em>Fuente: El Doce.<\/em><\/p>\n","protected":false},"excerpt":{"rendered":"<p>Es el primer caso del pa\u00eds. El femicida es un ex polic\u00eda y hab\u00eda advertido sobre lo que iba a hacer. Por primera vez,\u00a0la Justicia conden\u00f3 a un gobierno provincial por un caso de femicidio que se podr\u00eda haber evitado.\u00a0As\u00ed lo interpret\u00f3 la Sala Tercera del Tribunal de Impugnaci\u00f3n de Salta, que orden\u00f3 a la [&hellip;]<\/p>\n","protected":false},"author":1,"featured_media":266953,"comment_status":"open","ping_status":"open","sticky":false,"template":"","format":"standard","meta":{"_stopmodifiedupdate":false,"_modified_date":"","inline_featured_image":false,"spay_email":"","jetpack_publicize_message":""},"categories":[5],"tags":[],"jetpack_featured_media_url":"https:\/\/notinor.com\/jujuy\/wp-content\/uploads\/2020\/09\/femicidio-salta.jpeg","jetpack_publicize_connections":[],"_links":{"self":[{"href":"https:\/\/notinor.com\/jujuy\/wp-json\/wp\/v2\/posts\/266952"}],"collection":[{"href":"https:\/\/notinor.com\/jujuy\/wp-json\/wp\/v2\/posts"}],"about":[{"href":"https:\/\/notinor.com\/jujuy\/wp-json\/wp\/v2\/types\/post"}],"author":[{"embeddable":true,"href":"https:\/\/notinor.com\/jujuy\/wp-json\/wp\/v2\/users\/1"}],"replies":[{"embeddable":true,"href":"https:\/\/notinor.com\/jujuy\/wp-json\/wp\/v2\/comments?post=266952"}],"version-history":[{"count":1,"href":"https:\/\/notinor.com\/jujuy\/wp-json\/wp\/v2\/posts\/266952\/revisions"}],"predecessor-version":[{"id":266954,"href":"https:\/\/notinor.com\/jujuy\/wp-json\/wp\/v2\/posts\/266952\/revisions\/266954"}],"wp:featuredmedia":[{"embeddable":true,"href":"https:\/\/notinor.com\/jujuy\/wp-json\/wp\/v2\/media\/266953"}],"wp:attachment":[{"href":"https:\/\/notinor.com\/jujuy\/wp-json\/wp\/v2\/media?parent=266952"}],"wp:term":[{"taxonomy":"category","embeddable":true,"href":"https:\/\/notinor.com\/jujuy\/wp-json\/wp\/v2\/categories?post=266952"},{"taxonomy":"post_tag","embeddable":true,"href":"https:\/\/notinor.com\/jujuy\/wp-json\/wp\/v2\/tags?post=266952"}],"curies":[{"name":"wp","href":"https:\/\/api.w.org\/{rel}","templated":true}]}}