{"id":266943,"date":"2020-09-21T18:38:46","date_gmt":"2020-09-21T21:38:46","guid":{"rendered":"https:\/\/notinor.com\/jujuy\/?p=266943"},"modified":"2020-09-21T18:38:51","modified_gmt":"2020-09-21T21:38:51","slug":"culmino-con-exito-el-programa-activate-en-casa-palpala","status":"publish","type":"post","link":"https:\/\/notinor.com\/jujuy\/culmino-con-exito-el-programa-activate-en-casa-palpala\/","title":{"rendered":"Culmin\u00f3 con \u00e9xito el programa \"Act\u00edvate en Casa Palpal\u00e1\""},"content":{"rendered":"\n<p>El pasado s\u00e1bado se llev\u00f3 a cabo la sexta jornada, denominada \u201cBatallas de Ritmos\u201d. Estuvo destinada para la familia, y participaron instructores de la ciudad sider\u00fargica.<\/p>\n\n\n\n<figure class=\"wp-block-image size-large\"><img decoding=\"async\" loading=\"lazy\" width=\"725\" height=\"480\" src=\"https:\/\/notinor.com\/jujuy\/wp-content\/uploads\/2020\/09\/CON-GRAN-\u00c9XITO-CULMIN\u00d3-EL-PROGRAMA-\u201cACTIVATE-EN-CASA-PALPAL\u00c1\u201d-2-725x480.jpg\" alt=\"\" class=\"wp-image-266944\" srcset=\"https:\/\/notinor.com\/jujuy\/wp-content\/uploads\/2020\/09\/CON-GRAN-\u00c9XITO-CULMIN\u00d3-EL-PROGRAMA-\u201cACTIVATE-EN-CASA-PALPAL\u00c1\u201d-2-725x480.jpg 725w, https:\/\/notinor.com\/jujuy\/wp-content\/uploads\/2020\/09\/CON-GRAN-\u00c9XITO-CULMIN\u00d3-EL-PROGRAMA-\u201cACTIVATE-EN-CASA-PALPAL\u00c1\u201d-2-551x365.jpg 551w, https:\/\/notinor.com\/jujuy\/wp-content\/uploads\/2020\/09\/CON-GRAN-\u00c9XITO-CULMIN\u00d3-EL-PROGRAMA-\u201cACTIVATE-EN-CASA-PALPAL\u00c1\u201d-2-768x509.jpg 768w, https:\/\/notinor.com\/jujuy\/wp-content\/uploads\/2020\/09\/CON-GRAN-\u00c9XITO-CULMIN\u00d3-EL-PROGRAMA-\u201cACTIVATE-EN-CASA-PALPAL\u00c1\u201d-2-1536x1017.jpg 1536w, https:\/\/notinor.com\/jujuy\/wp-content\/uploads\/2020\/09\/CON-GRAN-\u00c9XITO-CULMIN\u00d3-EL-PROGRAMA-\u201cACTIVATE-EN-CASA-PALPAL\u00c1\u201d-2-2048x1357.jpg 2048w, https:\/\/notinor.com\/jujuy\/wp-content\/uploads\/2020\/09\/CON-GRAN-\u00c9XITO-CULMIN\u00d3-EL-PROGRAMA-\u201cACTIVATE-EN-CASA-PALPAL\u00c1\u201d-2-750x497.jpg 750w, https:\/\/notinor.com\/jujuy\/wp-content\/uploads\/2020\/09\/CON-GRAN-\u00c9XITO-CULMIN\u00d3-EL-PROGRAMA-\u201cACTIVATE-EN-CASA-PALPAL\u00c1\u201d-2-1140x755.jpg 1140w\" sizes=\"(max-width: 725px) 100vw, 725px\" \/><\/figure>\n\n\n\n<p>La Municipalidad de Palpal\u00e1, a trav\u00e9s de la Direcci\u00f3n de Deportes, concret\u00f3 la \u00faltima jornada \u201cActivate en Casa Palpal\u00e1\u201d. Cabe recordar que fueron seis s\u00e1bados a puro ritmo, y participaron m\u00e1s de 30 instructores. Cada jornada fue transmitida por la fan page de la Direcci\u00f3n de Deportes-Palpal\u00e1 y por la frecuencia 10 de Videotel<\/p>\n\n\n\n<p>Al respecto, el director de Deportes Daniel Luna, agradeci\u00f3 al intendente Rub\u00e9n Rivaola por confiar en el equipo. Asimismo, coment\u00f3 que \u201ces impecable el talento que tienen los instructores de la ciudad, destacando el esfuerzo de cada uno de ellos y que participaron desinteresadamente\u201d. Asimismo, continu\u00f3: \u201cen esta emergencia sanitaria, tenemos que presentar alternativas para contener a la comunidad en su casa, estoy m\u00e1s que satisfecho por todo lo que pudimos brindar a la comunidad\u201d.<\/p>\n\n\n\n<p>En esta l\u00ednea, el instructor Lucas P\u00e9rez, expres\u00f3: \"fue una experiencia muy linda, espero que toda la ciudad haya pasado una hermosa jornada, me acompa\u00f1aron familiares, alumnas y mucha gente por las redes sociales. Los cuatro profes queremos agradecer a la Municipalidad de Palpal\u00e1, por la convocatoria y dejarnos demostrar lo que tanto nos gusta\".<\/p>\n\n\n\n<p>La profesora de educaci\u00f3n f\u00edsica, Paola Mayo, declar\u00f3: \u201cterminamos con la sexta jornada de 'Activate en Casa' con la batalla de ritmo, fue un evento muy bueno para conocer los distintos trabajos de cada instructor, me acompa\u00f1aron Celeste Bautista y Liliana Choque, ellas dieron distintos ritmos\u201d. Adem\u00e1s, dijo: \u201ces una buena experiencia, tambi\u00e9n para que la gente se entretenga desde su casa y realicen actividad f\u00edsica. En cuanto al protocolo fue bastante estricto, muy cuidadoso, al ingreso nos tomaban la temperatura, nos colocamos alcohol en gel, ten\u00edamos un ba\u00f1o destinado para cada uno y no compartir con los dem\u00e1s\u201d.<\/p>\n","protected":false},"excerpt":{"rendered":"<p>El pasado s\u00e1bado se llev\u00f3 a cabo la sexta jornada, denominada \u201cBatallas de Ritmos\u201d. Estuvo destinada para la familia, y participaron instructores de la ciudad sider\u00fargica. La Municipalidad de Palpal\u00e1, a trav\u00e9s de la Direcci\u00f3n de Deportes, concret\u00f3 la \u00faltima jornada \u201cActivate en Casa Palpal\u00e1\u201d. Cabe recordar que fueron seis s\u00e1bados a puro ritmo, y [&hellip;]<\/p>\n","protected":false},"author":1,"featured_media":266944,"comment_status":"open","ping_status":"open","sticky":false,"template":"","format":"standard","meta":{"_stopmodifiedupdate":false,"_modified_date":"","inline_featured_image":false,"spay_email":"","jetpack_publicize_message":""},"categories":[4],"tags":[],"jetpack_featured_media_url":"https:\/\/notinor.com\/jujuy\/wp-content\/uploads\/2020\/09\/CON-GRAN-\u00c9XITO-CULMIN\u00d3-EL-PROGRAMA-\u201cACTIVATE-EN-CASA-PALPAL\u00c1\u201d-2-scaled.jpg","jetpack_publicize_connections":[],"_links":{"self":[{"href":"https:\/\/notinor.com\/jujuy\/wp-json\/wp\/v2\/posts\/266943"}],"collection":[{"href":"https:\/\/notinor.com\/jujuy\/wp-json\/wp\/v2\/posts"}],"about":[{"href":"https:\/\/notinor.com\/jujuy\/wp-json\/wp\/v2\/types\/post"}],"author":[{"embeddable":true,"href":"https:\/\/notinor.com\/jujuy\/wp-json\/wp\/v2\/users\/1"}],"replies":[{"embeddable":true,"href":"https:\/\/notinor.com\/jujuy\/wp-json\/wp\/v2\/comments?post=266943"}],"version-history":[{"count":1,"href":"https:\/\/notinor.com\/jujuy\/wp-json\/wp\/v2\/posts\/266943\/revisions"}],"predecessor-version":[{"id":266945,"href":"https:\/\/notinor.com\/jujuy\/wp-json\/wp\/v2\/posts\/266943\/revisions\/266945"}],"wp:featuredmedia":[{"embeddable":true,"href":"https:\/\/notinor.com\/jujuy\/wp-json\/wp\/v2\/media\/266944"}],"wp:attachment":[{"href":"https:\/\/notinor.com\/jujuy\/wp-json\/wp\/v2\/media?parent=266943"}],"wp:term":[{"taxonomy":"category","embeddable":true,"href":"https:\/\/notinor.com\/jujuy\/wp-json\/wp\/v2\/categories?post=266943"},{"taxonomy":"post_tag","embeddable":true,"href":"https:\/\/notinor.com\/jujuy\/wp-json\/wp\/v2\/tags?post=266943"}],"curies":[{"name":"wp","href":"https:\/\/api.w.org\/{rel}","templated":true}]}}