{"id":266935,"date":"2020-09-21T17:19:28","date_gmt":"2020-09-21T20:19:28","guid":{"rendered":"https:\/\/notinor.com\/jujuy\/?p=266935"},"modified":"2022-04-28T00:15:47","modified_gmt":"2022-04-28T03:15:47","slug":"wanda-nara-mostro-como-sus-hijos-volvieron-al-colegio-tras-la-cuarentena","status":"publish","type":"post","link":"https:\/\/notinor.com\/jujuy\/wanda-nara-mostro-como-sus-hijos-volvieron-al-colegio-tras-la-cuarentena\/","title":{"rendered":"Wanda Nara mostr\u00f3 c\u00f3mo sus hijos volvieron al colegio tras la cuarentena"},"content":{"rendered":"\n<h2>La empresaria comparti\u00f3 a trav\u00e9s de sus redes sociales la vuelta a clases de sus peque\u00f1os y cont\u00f3 cu\u00e1les fueron las precauciones por la pandemia.&nbsp;<strong>\u00a1Mir\u00e1!<\/strong><\/h2>\n\n\n\n<figure class=\"wp-block-image\"><img decoding=\"async\" src=\"https:\/\/www.diarioshow.com\/__export\/1600706977483\/sites\/cronica\/img\/2020\/09\/21\/wandanara_crop1600706640172.jpg_1710391874.jpg\" alt=\"La empresaria con sus peque\u00f1os antes de empezar las clases.\"\/><\/figure>\n\n\n\n<p>Luego de un largo per\u00edodo de cuarentena en los pa\u00edses europeos, algunas regiones comenzaron a flexibilizar las actividades para volver a la normalidad de a poco. Instalada en Par\u00eds,\u00a0<strong>Wanda Nara comparti\u00f3<\/strong>\u00a0<strong>en sus redes la vuelta a clases de sus hijos<\/strong>.<\/p>\n\n\n\n<p>A trav\u00e9s de varias publicaciones en\u00a0<strong>su cuenta de\u00a0<a href=\"https:\/\/www.diarioshow.com\/tags\/Instagram\">Instagram<\/a>\u00a0(@Wanda_Icardi)<\/strong>, la esposa de\u00a0<strong>Mauro Icardi\u00a0<\/strong>comparti\u00f3 algunas im\u00e1genes de uno de los momentos m\u00e1s esperados del a\u00f1o y dej\u00f3 ver cu\u00e1les fueron las medidas preventivas por la pandemia de coronavirus<\/p>\n\n\n\n<p>La empresaria fotograf\u00edo a su peque\u00f1a&nbsp;<strong>Isabella<\/strong>&nbsp;sentada en su pupitre ya preparada para las clases y tambi\u00e9n mostr\u00f3 c\u00f3mo<strong>&nbsp;acompa\u00f1\u00f3 a sus hijos hasta el colegio con el uso del barbijo<\/strong>. Su hija&nbsp;<strong>Francesca<\/strong>&nbsp;tambi\u00e9n pos\u00f3 con la mascarilla antes del inicio de la cursada.<\/p>\n\n\n\n<p><em>\"Primer d\u00eda de clases en&nbsp;<a href=\"https:\/\/www.diarioshow.com\/tags\/Francia\">Francia<\/a>.&nbsp;Me quedo con la preocupaci\u00f3n de cada uno por la adaptaci\u00f3n del otro... la frase de Benedicto de esta ma\u00f1ana: 'yo estoy nervioso pensando en Francesca, ella habla mucho italiano y no se si la van a entender eso me tiene preocupado',&nbsp;<\/em>escribi\u00f3 en su publicaci\u00f3n para remarcar las sensaciones de los peque\u00f1os en la previa a este d\u00eda tan especial.<\/p>\n\n\n\n<figure class=\"wp-block-image\"><img decoding=\"async\" src=\"https:\/\/www.diarioshow.com\/export\/sites\/cronica\/img\/2020\/09\/21\/wanda-nara.jpg_75378597.jpg\" alt=\"Wanda Nara acompa\u00f1\u00f3 a sus hijas en el primer d\u00eda de clase pos cuarentena\" title=\"Wanda Nara acompa\u00f1\u00f3 a sus hijas en el primer d\u00eda de clase pos cuarentena\"\/><figcaption>Wanda Nara acompa\u00f1\u00f3 a sus hijas en el primer d\u00eda de clase poscuarentena.<\/figcaption><\/figure>\n\n\n\n<p>Adem\u00e1s agreg\u00f3:&nbsp;<em>\"La m\u00e1s peque\u00f1a, Isi, entr\u00f3&nbsp;y se sent\u00f3 en su escritorio. Su adaptaci\u00f3n fue saludarnos y decirme: 'Vayan con Franchi porque quiz\u00e1s llora'. El mayor, Valu. abraz\u00f3&nbsp;a sus hermanos y esper\u00f3&nbsp;a que cada uno estuviera con sus nuevos compa\u00f1eros<\/em>\". En ese sentido concluy\u00f3:&nbsp;<strong>\"<em>El grupo m\u00e1s fuerte sin dudas lo formamos en casa\"<\/em>.&nbsp;<\/strong><\/p>\n\n\n\n<figure class=\"wp-block-image\"><img decoding=\"async\" src=\"https:\/\/www.diarioshow.com\/export\/sites\/cronica\/img\/2020\/09\/21\/francesa-barbijo.jpg_226507117.jpg\" alt=\"Francesca con su tapa boca antes de salir de casa\" title=\"Francesca con su tapa boca antes de salir de casa\"\/><figcaption>Francesca con su tapa boca antes de salir de casa.<\/figcaption><\/figure>\n\n\n\n<p>Sus posteos alcanzaron miles de&nbsp;<em>\"me gusta\"<\/em>&nbsp;y comentarios por parte de sus seguidores que manifestaron su emoci\u00f3n por el gran paso de los peque\u00f1os.<\/p>\n\n\n\n<h2>Mir\u00e1 las fotos de la vuelta al colegio de los hijos de Wanda Nara<\/h2>\n\n\n\n<figure class=\"wp-block-image\"><img decoding=\"async\" src=\"https:\/\/www.diarioshow.com\/export\/sites\/cronica\/img\/2020\/09\/21\/wanda-nara_1.jpg_1914703505.jpg\" alt=\"\u00a1Todo listo!\" title=\"\u00a1Todo listo!\"\/><figcaption>\u00a1Todo listo!<\/figcaption><\/figure>\n\n\n\n<figure class=\"wp-block-image\"><img decoding=\"async\" src=\"https:\/\/www.diarioshow.com\/export\/sites\/cronica\/img\/2020\/09\/21\/mauro-icardi.jpg_1916550547.jpg\" alt=\"Mauro Icardi con su hija\" title=\"Mauro Icardi con su hija\"\/><\/figure>\n\n\n\n<figure class=\"wp-block-image\"><img decoding=\"async\" src=\"https:\/\/www.diarioshow.com\/export\/sites\/cronica\/img\/2020\/09\/21\/camino-a-la-escuela.jpg_1916550547.jpg\" alt=\"Camino a la escuela\" title=\"Camino a la escuela\"\/><figcaption>Camino a la escuela<\/figcaption><\/figure>\n","protected":false},"excerpt":{"rendered":"<p>La empresaria comparti\u00f3 a trav\u00e9s de sus redes sociales la vuelta a clases de sus peque\u00f1os y cont\u00f3 cu\u00e1les fueron las precauciones por la pandemia.&nbsp;\u00a1Mir\u00e1! Luego de un largo per\u00edodo de cuarentena en los pa\u00edses europeos, algunas regiones comenzaron a flexibilizar las actividades para volver a la normalidad de a poco. Instalada en Par\u00eds,\u00a0Wanda Nara [&hellip;]<\/p>\n","protected":false},"author":40,"featured_media":266936,"comment_status":"open","ping_status":"open","sticky":false,"template":"","format":"standard","meta":{"_stopmodifiedupdate":false,"_modified_date":"","inline_featured_image":false,"spay_email":"","jetpack_publicize_message":""},"categories":[21],"tags":[],"jetpack_featured_media_url":"https:\/\/notinor.com\/jujuy\/wp-content\/uploads\/2020\/09\/0000066666.jpg","jetpack_publicize_connections":[],"_links":{"self":[{"href":"https:\/\/notinor.com\/jujuy\/wp-json\/wp\/v2\/posts\/266935"}],"collection":[{"href":"https:\/\/notinor.com\/jujuy\/wp-json\/wp\/v2\/posts"}],"about":[{"href":"https:\/\/notinor.com\/jujuy\/wp-json\/wp\/v2\/types\/post"}],"author":[{"embeddable":true,"href":"https:\/\/notinor.com\/jujuy\/wp-json\/wp\/v2\/users\/40"}],"replies":[{"embeddable":true,"href":"https:\/\/notinor.com\/jujuy\/wp-json\/wp\/v2\/comments?post=266935"}],"version-history":[{"count":1,"href":"https:\/\/notinor.com\/jujuy\/wp-json\/wp\/v2\/posts\/266935\/revisions"}],"predecessor-version":[{"id":266937,"href":"https:\/\/notinor.com\/jujuy\/wp-json\/wp\/v2\/posts\/266935\/revisions\/266937"}],"wp:featuredmedia":[{"embeddable":true,"href":"https:\/\/notinor.com\/jujuy\/wp-json\/wp\/v2\/media\/266936"}],"wp:attachment":[{"href":"https:\/\/notinor.com\/jujuy\/wp-json\/wp\/v2\/media?parent=266935"}],"wp:term":[{"taxonomy":"category","embeddable":true,"href":"https:\/\/notinor.com\/jujuy\/wp-json\/wp\/v2\/categories?post=266935"},{"taxonomy":"post_tag","embeddable":true,"href":"https:\/\/notinor.com\/jujuy\/wp-json\/wp\/v2\/tags?post=266935"}],"curies":[{"name":"wp","href":"https:\/\/api.w.org\/{rel}","templated":true}]}}