{"id":266918,"date":"2020-09-21T15:58:53","date_gmt":"2020-09-21T18:58:53","guid":{"rendered":"https:\/\/notinor.com\/jujuy\/?p=266918"},"modified":"2020-09-21T15:59:00","modified_gmt":"2020-09-21T18:59:00","slug":"la-belleza-del-dia-el-nacimiento-de-la-virgen-maria-de-jacob-cornelisz-van-oostsanen","status":"publish","type":"post","link":"https:\/\/notinor.com\/jujuy\/la-belleza-del-dia-el-nacimiento-de-la-virgen-maria-de-jacob-cornelisz-van-oostsanen\/","title":{"rendered":"La belleza del d\u00eda: \u201cEl nacimiento de la Virgen Mar\u00eda\", de Jacob Cornelisz van Oostsanen"},"content":{"rendered":"\n<p>En tiempos de incertidumbre y angustia, nada mejor que poder disfrutar de im\u00e1genes hermosas<\/p>\n\n\n\n<div class=\"wp-block-image\"><figure class=\"aligncenter size-large\"><img decoding=\"async\" loading=\"lazy\" width=\"461\" height=\"480\" src=\"https:\/\/notinor.com\/jujuy\/wp-content\/uploads\/2020\/09\/MARIA-461x480.png\" alt=\"\" class=\"wp-image-266920\" srcset=\"https:\/\/notinor.com\/jujuy\/wp-content\/uploads\/2020\/09\/MARIA-461x480.png 461w, https:\/\/notinor.com\/jujuy\/wp-content\/uploads\/2020\/09\/MARIA-350x365.png 350w, https:\/\/notinor.com\/jujuy\/wp-content\/uploads\/2020\/09\/MARIA.png 504w\" sizes=\"(max-width: 461px) 100vw, 461px\" \/><\/figure><\/div>\n\n\n\n<p>De Jacob Cornelisz van Oostsanen se sabe muy poco. Naci\u00f3 en un peque\u00f1o pueblo llamado Oostzaan dentro de la provincia de Holanda Septentrional en los Pa\u00edses Bajos. \u00bfEl a\u00f1o? Hay dudas de eso: entre 1465 y 1470. No hay muchos datos salvo los que pudo investigar Karel van Mander en la biograf\u00eda sobre este pintor y grabador renacentista neerland\u00e9s.<\/p>\n\n\n\n<p>No sabemos c\u00f3mo fue su formaci\u00f3n porque no hay documentos que detallen estos asuntos. Todo es especulativo. Observando su estilo se cree que estudi\u00f3 en Haarlem y que estuvo relacionado al c\u00edrculo de Geertgen tot Sint Jans. S\u00ed hay constancia de su familia, en la que hab\u00eda muchos artistas: su hermano Cornelis Buys I, por ejemplo. Tambi\u00e9n fueron pintores dos de sus hijos: Cornelis Jacobsz y Dirck Jacobsz.<\/p>\n\n\n\n<p>Para 1500, Oostsanen alquila una casa en \u00c1msterdam. Los historiadores creen que en 1520 viaja a Amberes a conocer a Durero, el m\u00e1s famoso de los artistas del Renacimiento alem\u00e1n. Entre 1526 y 1528 trabaja en un retablo para la abad\u00eda de Egmond, un lugar que terminar\u00eda siendo destruido por los disturbios provocados por la iconoclasia protestante. Se cree que muchos de sus cuadros corrieron esa suerte.<\/p>\n\n\n\n<p>Pint\u00f3 mucho aunque se ha conservado poco. Tiene pinturas realmente fascinantes. Una de ellas es El nacimiento de la Virgen Mar\u00eda, de la cual no se tiene fecha precisa. Es un \u00f3leo sobre tabla de 129 x 78,5 cm. Se encuentra en el Museo de Bellas Artes. El historiador del arte \u00c1ngel M. Navarro destaca \u201csu composici\u00f3n din\u00e1mica, colorida y plena de detalles\u201d.<\/p>\n\n\n\n<p>\u00bfQu\u00e9 es lo que vemos en este cuadro? Un gran sal\u00f3n repleto de personas. Un grupo de mujeres atiende a la reci\u00e9n nacida; otro grupo se ocupa de la madre que acaba de parir y descansa en la cama; en el porche hay mujeres que llegan a la casa; alrededor de una mesa, otro grupo come, bebe y charla. Hay mujeres contentas, mujeres tristes. Arriba, cuatro \u00e1ngeles observan la escena.<\/p>\n\n\n\n<p>En octubre de 1533 un documento de su esposa dice que era viuda. Sabemos que desde entonces, tal vez unos a\u00f1os antes, Jacob Cornelisz van Oostsanen pas\u00f3 a la inmortalidad. Ahora vive en sus obras, todas de un gran nivel de detalle y de una interesante facultad para la composici\u00f3n de las escenas. Est\u00e1n desperdigadas por el mundo. Una de ellas, El nacimiento de la Virgen Mar\u00eda, en Buenos Aires.<\/p>\n","protected":false},"excerpt":{"rendered":"<p>En tiempos de incertidumbre y angustia, nada mejor que poder disfrutar de im\u00e1genes hermosas De Jacob Cornelisz van Oostsanen se sabe muy poco. Naci\u00f3 en un peque\u00f1o pueblo llamado Oostzaan dentro de la provincia de Holanda Septentrional en los Pa\u00edses Bajos. \u00bfEl a\u00f1o? Hay dudas de eso: entre 1465 y 1470. No hay muchos datos [&hellip;]<\/p>\n","protected":false},"author":5,"featured_media":266920,"comment_status":"open","ping_status":"open","sticky":false,"template":"","format":"standard","meta":{"_stopmodifiedupdate":false,"_modified_date":"","inline_featured_image":false,"spay_email":"","jetpack_publicize_message":""},"categories":[2],"tags":[],"jetpack_featured_media_url":"https:\/\/notinor.com\/jujuy\/wp-content\/uploads\/2020\/09\/MARIA.png","jetpack_publicize_connections":[],"_links":{"self":[{"href":"https:\/\/notinor.com\/jujuy\/wp-json\/wp\/v2\/posts\/266918"}],"collection":[{"href":"https:\/\/notinor.com\/jujuy\/wp-json\/wp\/v2\/posts"}],"about":[{"href":"https:\/\/notinor.com\/jujuy\/wp-json\/wp\/v2\/types\/post"}],"author":[{"embeddable":true,"href":"https:\/\/notinor.com\/jujuy\/wp-json\/wp\/v2\/users\/5"}],"replies":[{"embeddable":true,"href":"https:\/\/notinor.com\/jujuy\/wp-json\/wp\/v2\/comments?post=266918"}],"version-history":[{"count":1,"href":"https:\/\/notinor.com\/jujuy\/wp-json\/wp\/v2\/posts\/266918\/revisions"}],"predecessor-version":[{"id":266921,"href":"https:\/\/notinor.com\/jujuy\/wp-json\/wp\/v2\/posts\/266918\/revisions\/266921"}],"wp:featuredmedia":[{"embeddable":true,"href":"https:\/\/notinor.com\/jujuy\/wp-json\/wp\/v2\/media\/266920"}],"wp:attachment":[{"href":"https:\/\/notinor.com\/jujuy\/wp-json\/wp\/v2\/media?parent=266918"}],"wp:term":[{"taxonomy":"category","embeddable":true,"href":"https:\/\/notinor.com\/jujuy\/wp-json\/wp\/v2\/categories?post=266918"},{"taxonomy":"post_tag","embeddable":true,"href":"https:\/\/notinor.com\/jujuy\/wp-json\/wp\/v2\/tags?post=266918"}],"curies":[{"name":"wp","href":"https:\/\/api.w.org\/{rel}","templated":true}]}}