{"id":26570,"date":"2015-05-10T23:25:30","date_gmt":"2015-05-11T02:25:30","guid":{"rendered":"http:\/\/notinor.com\/jujuy\/?p=26570"},"modified":"2015-05-10T23:26:47","modified_gmt":"2015-05-11T02:26:47","slug":"una-politica-tan-vacia-como-los-edificios-que-inaugura-fellner","status":"publish","type":"post","link":"https:\/\/notinor.com\/jujuy\/una-politica-tan-vacia-como-los-edificios-que-inaugura-fellner\/","title":{"rendered":"Una pol\u00edtica tan vac\u00eda como los edificios que inaugura Fellner"},"content":{"rendered":"<p class=\"ecxMsoNormal\">Una semana de alta intensidad pol\u00edtica se espera que comience hoy.\u00a0 Sin dudas, <b>la agenda estar\u00e1 marcada por lo que suceder\u00e1 con la toma de tierras<\/b> por parte de los trabajadores estatales nucleados en el Frente de Gremios Estatales, ya que fue el hito de la semana pasada que descoloc\u00f3 al Gobierno, y que mantiene a muchas familias juje\u00f1as, especialmente a las que en estos momentos est\u00e1n en el predio, en vilo.<\/p>\n<p class=\"ecxMsoNormal\">Desde el oficialismo se han tratado de mantener imp\u00e1vidos ante lo que, como si tuvieran puesto todos los funcionaros un cassette, <b>calificaron como una maniobra \u201cpol\u00edtica\u201d<\/b> de los gremialistas que lideran el Frente de Gremios Estatales para posicionarse pol\u00edticamente de cara a las elecciones que se avecinan.<\/p>\n<p class=\"ecxMsoNormal\">En medio del desenlace de la crisis habitacional que padece la provincia, que desemboc\u00f3 en la toma de terrenos de un predio \"ocioso\" en Campo Verde -o Bajo La vi\u00f1a si se quiere hablar con propiedad y sin miedo a afectar la cotizaci\u00f3n inmobiliaria de la tierra en este sector- <b>el Gobierno provincial intent\u00f3 seguir con su agenda planificada como si nada pasara.<\/b><\/p>\n<p class=\"ecxMsoNormal\">As\u00ed fue que la plana mayor de ministros estuvo presente en la inauguraci\u00f3n del nuevo edificio de la Central de Polic\u00eda, y particip\u00f3 de los eventos de la Semana de la Miner\u00eda, acompa\u00f1ando a <b>un gobernador demasiado apurado por mostrar gesti\u00f3n en la recta final de un mandato que se pone en juego en octubre.<\/b><\/p>\n<p class=\"ecxMsoNormal\">Una vez m\u00e1s, como es costumbre del Gobierno provincial, <b>se inaugur\u00f3 un edificio vac\u00edo que solo se llen\u00f3 de polic\u00edas para el acto.\u00a0 <\/b>Tras el acto, el edificio volvi\u00f3 a ser una ruina solitaria, aunque remozada por las refacciones, donde solo hay dos polic\u00edas en la entrada custodiando el mismo, y tal vez un jefe de operativo en el interior<b>.\u00a0 La polic\u00eda sigue funcionando en el Cabildo hist\u00f3rico y no se sabe a ciencia cierta cu\u00e1ndo comenzar\u00e1 el traslado efectivo de la jefatura de polic\u00eda y sus dependencias al nuevo edificio.<\/b>\u00a0 Lo que nos lleva a la pregunta \u00bfPara qu\u00e9 se inaugura algo que no va a comenzar a funcionar inmediatamente?\u00a0 Aunque en realidad la pregunta deber\u00eda ser \u00bfpor qu\u00e9 se insiste con \u00e9sta pr\u00e1ctica que no enga\u00f1a ni convence a nadie?<\/p>\n<p class=\"ecxMsoNormal\"><b>Se inaugur\u00f3 un edificio que por ahora sigue vac\u00edo, de la misma manera que se inauguran puestos de salud o ampliaciones de los hospitales del interior, donde no hay m\u00e9dicos ni pacientes -puesto que a todos los derivan a San Salvador de Jujuy-, o de la misma manera que se hizo con el \"nuevo\" Hospital Materno Infantil, carente de personal y quir\u00f3fanos que lleva ya 8 muertes en solo seis meses.<\/b>\u00a0Al Hospital materno Infantil habr\u00eda que pensar en cambiarle el nombre porque hasta ahora en \u00e9se lugar, donde supuestamente se va a alumbrar vidas, se producen muertes.<\/p>\n<p class=\"ecxMsoNormal\">Y mientras se inauguraba una central de polic\u00eda que en estos momentos solo tiene efectivos que hacen las tareas de serenos, <b>el ministro Matuk, el secretario de Gobierno Cardozo Traillou, y el jefe de Gabinete Berruezo se iban en elogios hacia la gesti\u00f3n del gobernador, a la vez que calificaban de \"pol\u00edtica\" a la toma de terrenos por parte de los trabajadores estatales nucleados en el Frente de Gremios Estatales.<\/b><\/p>\n<p class=\"ecxMsoNormal\">Tal vez tenga un trasfondo pol\u00edtico la toma de tierras que tom\u00f3 por sorpresa al Gobierno, \u00bfpero qu\u00e9 cosa no es \"pol\u00edtica\", despu\u00e9s de todo?\u00a0 Lo cierto es que por \"pol\u00edtica\" -o por falta de ella- el gobierno vino desoyendo sistem\u00e1ticamente el suplicante pedido de los trabajadores estatales que demandaban una \"pol\u00edtica\" en materia de tierra y vivienda para solucionar las necesidades que surgen de la crisis habitacional que tiene la provincia.\u00a0 <b>O ser\u00e1 que tal vez la \u201cpol\u00edtica\u201d del gobierno fue la de o\u00edr y dar soluciones a un solo sector, al de los amigos... haciendo, justamente, \"pol\u00edtica\".<\/b><\/p>\n<p class=\"ecxMsoNormal\"><b>No se puede hacer \"pol\u00edtica\" con las necesidades de la gente.\u00a0 El solo hecho de que sean trabajadores los que hoy est\u00e1n tomando tierras pone en evidencia de que eso de la \"d\u00e9cada ganada\" es solo un buz\u00f3n que algunos fan\u00e1ticos se compran como un slogan.<\/b>\u00a0 <b>Cristina Kirchner y sus m\u00e1s ac\u00e9rrimos siempre insisten con recordarnos el 2001.\u00a0 En el 2001 -y antes-, quienes tomaban o usurpaban tierras, eran personas sin trabajo, sin ninguna posibilidad de acceder a la tierra.\u00a0 Catorce a\u00f1os despu\u00e9s, quienes toman o usurpan tierras son personas con trabajo, asalariados del Estado que prestan servicios en la administraci\u00f3n p\u00fablica provincial o municipal, en la educaci\u00f3n o en la salud.<\/b>\u00a0 Es decir que si quitamos la circunstancia de tener o no tener trabajo y percibir un salario, nos queda la imposibilidad de poder adquirir la tierra con el fruto del trabajo.<\/p>\n<p class=\"ecxMsoNormal\"><b>Es algo serio lo que ocurre, y es para que se tome debida nota en el Gobierno que escatima mezquinos porcentajes a los trabajadores en la negociaci\u00f3n salarial... porque son sus empleados, algunos de ellos precarizados y otros con grises en los sueldos, los que est\u00e1n en la toma del predio que denominaron \"Barrio Obrero\".<\/b>\u00a0 Basta con ir por el lugar y ver a las madres solteras, a las j\u00f3venes parejas, y a los no tan j\u00f3venes que est\u00e1n en estos momentos con una carpa efectivizando un derecho constitucional que el Gobierno ha fallado en garantizarles:\u00a0 el de la vivienda digna.\u00a0 Quien vaya por all\u00ed, ver\u00e1 a la enfermera del hospital con su ropa de trabajo, o al municipal con su mameluco, o quiz\u00e1s a la maestra de sus hijos con el delantal prepar\u00e1ndose para ir a trabajar como todos los d\u00edas, dejando a alguien cuidando el pedacito de tierra que tuvieron que procurarse por sus propios medios, pr\u00e1cticamente haciendo justicia por mano propia, ante la falta de acci\u00f3n y gesti\u00f3n de un gobierno que miserablemente les niega el acceso a la tierra, y en cambio les les acerca empresarios que se esconden detr\u00e1s de fideicomisos para hacer negocios inmobiliarios... negocios que, con los miserables sueldos con los que son condenados a sobrevivir, son imposibles de hacer para un empleado p\u00fablico.<\/p>\n<p class=\"ecxMsoNormal\"><b>El gobierno, en vez de tomar nota de \u00e9ste fracaso que desnuda la \"pol\u00edtica\" o la falta de ella, solo tiene un solo inter\u00e9s en este momento:\u00a0 judicializar a la dirigencia gremial, en vez de sentarse a buscar una soluci\u00f3n a un problema que ellos mismos permitieron que se les escape de las manos.\u00a0 Aun est\u00e1n a tiempo de repensar la falta de estrategia para evitar que vuelva a ocurrir lo que en 2011 ocurri\u00f3 en Ledesma.<\/b><\/p>\n<p class=\"ecxMsoNormal\"><span style=\"font-size: x-large;\"><b>LA AGENDA POL\u00cdTICA DE LA OPOSICI\u00d3N<\/b><\/span><\/p>\n<p class=\"ecxMsoNormal\"><b>La agenda pol\u00edtica de esta semana tendr\u00e1 como capitulo central la llegada de Mauricio Macri y Ernesto Sanz para formalizar el acuerdo UCR-PRO<\/b>, con una foto con Gerardo Morales y el Chuli Jorge -quien de acuerdo a cualquier encuesta es el caballo de comisario de los radicales, mide m\u00e1s que el propio Gerardo Morales-.<\/p>\n<p class=\"ecxMsoNormal\"><b>Con \u00e9sta foto quedar\u00eda conformado lo que se denominar\u00eda Frente C\u00edvico Federal Juje\u00f1o<\/b>, un acuerdo de fuerzas pol\u00edticas lo bastante amplio como para cobijar a radicales, socialistas de UNEN, el Frente Primero Jujuy, y el PRO.\u00a0 Restar\u00e1 por ver qu\u00e9 suceder\u00e1 con Isolda Calsina, quien fue derivada a negociar su entrada al Frente con el PRO.<\/p>\n<p class=\"ecxMsoNormal\">\u00bfC\u00f3mo funcionar\u00e1 este frente?\u00a0 En teor\u00eda, de cara a las PASO, cada fuerza presentar\u00e1 sus candidatos para diputados nacionales, y esto es un punto a definir ya que cada fuerza ya tiene a su candidato a presidente.<\/p>\n<p class=\"ecxMsoNormal\"><b>En el radicalismo todo parece indicar que Miguel Giubergia encabezar\u00e1 la lista en lo que ser\u00eda su cuarto mandato como diputado nacional por Jujuy<\/b>, aunque tambi\u00e9n se sabe de que hay otros radicales con leg\u00edtimas aspiraciones, como Jorge Rizzoti, Pablo Baca y Ra\u00fal Garc\u00eda Goyena.<\/p>\n<p class=\"ecxMsoNormal\"><b>El PRO seguramente comunicar\u00e1 en los pr\u00f3ximos d\u00edas qui\u00e9n ser\u00e1 su candidato a diputado nacional.<\/b>\u00a0 Desde que Balut baj\u00f3 su candidatura a gobernador, ello lo habilitar\u00eda a aspirar a este cargo nacional, cargo al que tambi\u00e9n aspirar\u00edan Dago Pubzolu y Jorge Gronda, entre los notables del PRO.<\/p>\n<p class=\"ecxMsoNormal\"><b>El Frente Primero Jujuy deber\u00e1 tambi\u00e9n dirimir qui\u00e9n de los dos diputados que a\u00fan le quedan en la Legislatura se presentar\u00e1 como candidato por dicha fuerza.<\/b>\u00a0 Bien podr\u00eda ir <b>Alejandro Snoepk o Agust\u00edn Perassi<\/b>, ya que ambos terminan sus mandatos en diciembre, aunque tambi\u00e9n tiene dirigentes de grueso calibre como <b>Sebasti\u00e1n Echavarri, referente del delasotismo en Jujuy.\u00a0<\/b><\/p>\n<p class=\"ecxMsoNormal\">Casualmente el delasotismo resolvi\u00f3 no competir en Jujuy con su propio sello debido a que, con el Frente Renovador, acord\u00f3 no competir en aquellos lugares en que hay un acuerdo vigente del Frente Renovador con la UCR, como en Jujuy.\u00a0 De esta manera, Echavarri bien podr\u00eda cubrir la vacante para diputado nacional en representaci\u00f3n del Frente Primero Jujuy.<\/p>\n<p class=\"ecxMsoNormal\">Ahora, la inc\u00f3gnita del mill\u00f3n, sigue siendo <b>qui\u00e9n ser\u00e1 el compa\u00f1ero de f\u00f3rmula de Gerardo Morales. <\/b>\u00a0De acuerdo con los medios nacionales, Gerardo ya habr\u00eda negociado con Sergio Massa que el vicegobernador tendr\u00eda que ser alguien del Frente Renovador.\u00a0 Sin embargo, tras la inclusi\u00f3n del PRO en el acuerdo amplio, el macrismo juje\u00f1o tambi\u00e9n querr\u00eda ver a un hombre de los suyos en \u00e9sa f\u00f3rmula.\u00a0 <b>Al respecto, Gerardo Morales aun no se ha expedido p\u00fablicamente, aunque comentan los radicales infidentes que Gerardo pondr\u00e1 como vicegobernador a aquel que \"mida m\u00e1s\" que Mario Fiad\u2026 y si Mario Fiad es el que m\u00e1s mide, no quedar\u00e1 otro remedio que completar la f\u00f3rmula con Mario Fiad.<\/b><\/p>\n<p class=\"ecxMsoNormal\"><b><span style=\"font-size: x-large;\">LA AGENDA POL\u00cdTICA DEL OFICIALISMO<\/span><\/b><\/p>\n<p class=\"ecxMsoNormal\">A pesar de que la semana pasada el oficialismo se desayun\u00f3 con la toma de tierras por parte de empleados p\u00fablicos nucleados en el Frente de Gremios Estatales, Fellner y compa\u00f1\u00eda tratan de no trastabillar y siguen con la agenda de mostrar gesti\u00f3n para intentar torcer la balanza.<\/p>\n<p class=\"ecxMsoNormal\">En cuanto a la ingenier\u00eda pol\u00edtica, tras el mensaje que llev\u00f3 Zaninni al c\u00f3nclave de la semana pasada, <b>va quedando cada vez m\u00e1s claro que en el oficialismo nacional solo deben quedar dos candidatos para que compitan:\u00a0 Floencio Randazzo<\/b> que es el que parece tener el favor del kirchnerismo duro de paladar negro, <b>y Daniel Scioli<\/b>, el representante m\u00e1s fiel del viejo peronismo que no abandon\u00f3 la nave y resisti\u00f3 todos los castigos y distratos a los que fue sometido por Cristina Kirchner.<\/p>\n<p class=\"ecxMsoNormal\">Aunque muchos lo subestiman, <b>Randazzo es un hombre fuerte del gobierno nacional y sus aspiraciones presidenciales no son descabelladas\u00a0<\/b>como podr\u00edan ser las de Agust\u00edn Rossi, el ministro de Defensa al que le roban las balas y se le pierden los misiles, o Sergio Uribarri quien fuera de su provincia es inexistente.<\/p>\n<p class=\"ecxMsoNormal\"><b>Tras la visita de Scioli a la provincia, Randazzo vino a poner los patitos en fila y les tir\u00f3 las orejas a todos.\u00a0 Y todos saben que, como ministro del Interior, \u00e9l tiene el grifo de la canilla, y al parecer es el favorito de Cristina, para pesar de Scioli y la ola naranja.<\/b><\/p>\n<p class=\"ecxMsoNormal\"><b>En una ol\u00edmpica mojada de orejas para Fellner, Randazzo recibi\u00f3 a Gerardo Morales, con quien Cristina Kirchner -a pesar de las apariencias- mantiene muy buen di\u00e1logo. <\/b>\u00a0Todos sabemos a esta altura que ning\u00fan ministro, o funcionario menor si vamos al caso, act\u00faa fuera de las \u00f3rdenes de Cristina Kirchner.\u00a0 <b>Esa reuni\u00f3n confirma el rumor de que Gerardo Morales tambi\u00e9n contar\u00eda con un gui\u00f1o de Cristina... despu\u00e9s de todo es el hombre que le disputa el poder al hombre fuerte de Jujuy, y es con quien eventualmente habr\u00e1 que acordar todos los negocios que hoy est\u00e1n en manos de Eduardo Fellner y compa\u00f1\u00eda.<\/b><\/p>\n<p class=\"ecxMsoNormal\">Randazzo no solo vino a poner los patitos en fila y mojarle la oreja a Fellner, tambi\u00e9n vino a cerrar con los intendentes que dependen del chorro de la canilla cuyo grifo maneja.\u00a0 Y tambi\u00e9n vino a poner en caja a Milagro Sala, quien no solo depende del Ministerio de Desarrollo Social.<\/p>\n<p class=\"ecxMsoNormal\"><span style=\"font-size: x-large;\"><b>ROTUNDO FRACASO EN LA EXPODIN\u00c1MICA<\/b><\/span><\/p>\n<p class=\"ecxMsoNormal\">Mientras esto ocurre en la ingenier\u00eda pol\u00edtica del oficialismo que ya parece tener todo zanjado para que todos remen hacia el mismo lado, con los intendentes buscando votos hasta debajo de las piedras, y Milagro Sala en el acuerdo para intentar retener la gobernaci\u00f3n frente a la tormenta que se avecina, <b>en la semana que pas\u00f3 el gobierno provincial exhibi\u00f3 otro fracaso con la Expodin\u00e1mica.<\/b><\/p>\n<p class=\"ecxMsoNormal\"><b>A la Expodin\u00e1mica, que se celebra en la Escuela Agrot\u00e9cnica como para asegurar algo de p\u00fablico y evitar mayores bochornos, este a\u00f1o no fueron ni los productores que usualmente iban a ver maquinaria.<\/b>\u00a0 \"Este a\u00f1o no tenemos ni un mango\", se quejaron los productores aduciendo que no tienen dinero \u201cni para la entrada\u201d.<\/p>\n<p class=\"ecxMsoNormal\">El evento agropecuario al que suele asistir el campo juje\u00f1o, aunque sea para comer unas empanaditas mientras se ponen al d\u00eda de las novedades que trae la exposici\u00f3n rural, este a\u00f1o ha salido peor de lo esperado.\u00a0 \"Solo se ve\u00eda a la gente que puso stands y algunas promotoras\", se\u00f1al\u00f3 uno de los pocos productores que fueron, agregando que \"los m\u00e1s grandes se fueron a exponer a la FERINOA\".<\/p>\n<p class=\"ecxMsoNormal\"><b>Del arco de funcionarios del gobierno provincial, solo asisti\u00f3 el ministro Romarovsky.\u00a0 El gobernador de la provincia ha brillado por su ausencia, tal vez m\u00e1s interesado en lo que trajo la semana de la Miner\u00eda, donde tiene m\u00e1s intereses que cuidar. <\/b>\u00a0El gobierno de Fellner no se ha caracterizado por un apoyo expl\u00edcito a la actividad agropecuaria, ya que justamente, las prioridades de Fellner se centraron principalmente en la Miner\u00eda.<\/p>\n<p class=\"ecxMsoNormal\">\n","protected":false},"excerpt":{"rendered":"<p>Una semana de alta intensidad pol\u00edtica se espera que comience hoy.\u00a0 Sin dudas, la agenda estar\u00e1 marcada por lo que suceder\u00e1 con la toma de tierras por parte de los trabajadores estatales nucleados en el Frente de Gremios Estatales, ya que fue el hito de la semana pasada que descoloc\u00f3 al Gobierno, y que mantiene [&hellip;]<\/p>\n","protected":false},"author":1,"featured_media":26574,"comment_status":"open","ping_status":"open","sticky":false,"template":"","format":"standard","meta":{"_stopmodifiedupdate":false,"_modified_date":"","inline_featured_image":false},"categories":[2],"tags":[],"jetpack_featured_media_url":"https:\/\/notinor.com\/jujuy\/wp-content\/uploads\/2015\/05\/descarga-22.jpg","_links":{"self":[{"href":"https:\/\/notinor.com\/jujuy\/wp-json\/wp\/v2\/posts\/26570"}],"collection":[{"href":"https:\/\/notinor.com\/jujuy\/wp-json\/wp\/v2\/posts"}],"about":[{"href":"https:\/\/notinor.com\/jujuy\/wp-json\/wp\/v2\/types\/post"}],"author":[{"embeddable":true,"href":"https:\/\/notinor.com\/jujuy\/wp-json\/wp\/v2\/users\/1"}],"replies":[{"embeddable":true,"href":"https:\/\/notinor.com\/jujuy\/wp-json\/wp\/v2\/comments?post=26570"}],"version-history":[{"count":1,"href":"https:\/\/notinor.com\/jujuy\/wp-json\/wp\/v2\/posts\/26570\/revisions"}],"predecessor-version":[{"id":26573,"href":"https:\/\/notinor.com\/jujuy\/wp-json\/wp\/v2\/posts\/26570\/revisions\/26573"}],"wp:featuredmedia":[{"embeddable":true,"href":"https:\/\/notinor.com\/jujuy\/wp-json\/wp\/v2\/media\/26574"}],"wp:attachment":[{"href":"https:\/\/notinor.com\/jujuy\/wp-json\/wp\/v2\/media?parent=26570"}],"wp:term":[{"taxonomy":"category","embeddable":true,"href":"https:\/\/notinor.com\/jujuy\/wp-json\/wp\/v2\/categories?post=26570"},{"taxonomy":"post_tag","embeddable":true,"href":"https:\/\/notinor.com\/jujuy\/wp-json\/wp\/v2\/tags?post=26570"}],"curies":[{"name":"wp","href":"https:\/\/api.w.org\/{rel}","templated":true}]}}