{"id":26540,"date":"2015-05-10T22:57:00","date_gmt":"2015-05-11T01:57:00","guid":{"rendered":"http:\/\/notinor.com\/jujuy\/?p=26540"},"modified":"2015-05-10T22:57:00","modified_gmt":"2015-05-11T01:57:00","slug":"fuerte-respaldo-politico-a-gerardo-morales","status":"publish","type":"post","link":"https:\/\/notinor.com\/jujuy\/fuerte-respaldo-politico-a-gerardo-morales\/","title":{"rendered":"Fuerte respaldo pol\u00edtico a Gerardo Morales"},"content":{"rendered":"<div id=\"ecxyui_3_16_0_1_1431280047394_25455\" class=\"\" align=\"center\"><b id=\"ecxyui_3_16_0_1_1431280047394_25454\" class=\"\"><span id=\"ecxyui_3_16_0_1_1431280047394_25453\" class=\"\">FORO DE CONCEJALES Y VOCALES RADICALES DE LA QUEBRADA<\/span><\/b><\/div>\n<div id=\"ecxyui_3_16_0_1_1431280047394_25455\" class=\"\" align=\"center\"><b id=\"ecxyui_3_16_0_1_1431280047394_27676\" class=\"\"><span id=\"ecxyui_3_16_0_1_1431280047394_27675\" class=\"\">DIO FUERTE RESPALDO A LA CANDIDATURA DE GERARDO MORALES<\/span><\/b><\/div>\n<div id=\"ecxyui_3_16_0_1_1431280047394_25458\" class=\"\" dir=\"ltr\" align=\"center\"><\/div>\n<div id=\"ecxyui_3_16_0_1_1431280047394_25458\" class=\"\" style=\"text-align: left;\" align=\"center\">\u00a0Tambi\u00e9n los concejales y vocales consideraron que la pr\u00f3xima contienda electoral constituye una\u00a0 oportunidad hist\u00f3rica para cambiar el rumbo de Jujuy, con el triunfo de Gerardo Morales como Gobernador. Los ediles, vocales e intendentes radicales se\u00f1alaron que \u201cno habr\u00e1 cambio en Jujuy si no somos capaces de garantizar \u00a0la provincia con la conducci\u00f3n de Gerardo Morales\u201d, por eso llamaron a garantizar el triunfo en las intendencias y comisiones municipales, pero resaltaron que la provincia es el desaf\u00edo fundamental.<\/div>\n<div class=\"\" style=\"text-align: left;\" align=\"center\"><a href=\"http:\/\/notinor.com\/jujuy\/wp-content\/uploads\/2015\/05\/IMG_7955.jpg\"><img decoding=\"async\" loading=\"lazy\" class=\"alignnone size-medium wp-image-26548\" src=\"http:\/\/notinor.com\/jujuy\/wp-content\/uploads\/2015\/05\/IMG_7955-300x200.jpg\" alt=\"IMG_7955\" width=\"300\" height=\"200\" srcset=\"https:\/\/notinor.com\/jujuy\/wp-content\/uploads\/2015\/05\/IMG_7955-300x200.jpg 300w, https:\/\/notinor.com\/jujuy\/wp-content\/uploads\/2015\/05\/IMG_7955.jpg 810w\" sizes=\"(max-width: 300px) 100vw, 300px\" \/><\/a><\/div>\n<div id=\"ecxyui_3_16_0_1_1431280047394_25707\" class=\"\"><span id=\"ecxyui_3_16_0_1_1431280047394_25706\" class=\"\">Participaron del encuentro \u2013que tuvo lugar en el Hotel de Turismo de Humahuaca- concejales y vocales de la UCR de Tilcara, Maimar\u00e1, Humahuaca, Volc\u00e1n, Purmamarca, El Aguilar, Hip\u00f3lito Yrigoyen y Tres Cruces.<\/span><\/div>\n<div id=\"ecxyui_3_16_0_1_1431280047394_25946\" class=\"\"><span id=\"ecxyui_3_16_0_1_1431280047394_25945\" class=\"\">En el cierre del Foro, hablaron el senador nacional Gerardo Morales, el Intendente de Humahuaca, Leonel Herrera, los diputados nacionales Mario Fiad y Gabriela Burgos, el diputado Jorge Rizzotti, los concejales humahuaque\u00f1os Noelia Quispe y Roberto Farf\u00e1n y la vocal de Mina El Aguilar, Mirta L\u00f3pez.<\/span><\/div>\n<div id=\"ecxyui_3_16_0_1_1431280047394_25948\" class=\"\"><span id=\"ecxyui_3_16_0_1_1431280047394_25947\" class=\"\">Gerardo Morales se refiri\u00f3 a la construcci\u00f3n del frente electoral en Jujuy que incluye adem\u00e1s del radicalismo al Frente Renovador, el Partido Socialista, Gen y PRO y se\u00f1al\u00f3 que esa estructura busca dar respuesta a las expectativas de cambio que expresan m\u00e1s del 70 % de los juje\u00f1os.<\/span><\/div>\n<div id=\"ecxyui_3_16_0_1_1431280047394_25950\" class=\"\"><span id=\"ecxyui_3_16_0_1_1431280047394_25949\" class=\"\">Resalt\u00f3 que en\u00a0 el marco de ese acuerdo llegar\u00e1n a Jujuy los diversos precandidatos presidenciales, Ernesto Sanz y Macri que arribar\u00e1n esta semana, Margarita Stolbizer que podr\u00eda hacerlo en un par de semanas y, adem\u00e1s, retornar\u00e1 en un tiempo pr\u00f3ximo Sergio Massa.<\/span><\/div>\n<div id=\"ecxyui_3_16_0_1_1431280047394_25952\" class=\"\"><span id=\"ecxyui_3_16_0_1_1431280047394_25951\" class=\"\">Indic\u00f3 Morales que la mesa del frente provincial \u2013que a\u00fan no ha definido su nombre- y que cuenta con la participaci\u00f3n de dos representantes por partido, anunciar\u00e1 los pr\u00f3ximos d\u00edas la fecha de lanzamiento del Frente que podr\u00eda ocurrir a fines de mayo o principios de junio.<\/span><\/div>\n<div id=\"ecxyui_3_16_0_1_1431280047394_25963\" class=\"\"><span id=\"ecxyui_3_16_0_1_1431280047394_25962\" class=\"\">Gerardo Morales indic\u00f3 que el gran desaf\u00edo es lograr un cambio en la provincia, con un nuevo gobierno que pueda reconducir los destinos de la provincia. Resalt\u00f3 Morales que \u201cno basta con ganar elecciones hay que sostener el territorio con trabajo y con gesti\u00f3n\u201d y puso de relieve que el radicalismo ha demostrado en sus gestiones locales, como San Salvador, Tilcara y Humahuaca, que puede gobernar, gestionar, garantizar gobernabilidad y sostener un proceso de cambio orientado a satisfacer el bien com\u00fan.<\/span><\/div>\n<div id=\"ecxyui_3_16_0_1_1431280047394_26206\" class=\"\"><span id=\"ecxyui_3_16_0_1_1431280047394_26205\" class=\"\">\u00a0\u201cGestionamos con honestidad, con compromiso, con escasos recursos pero con enorme convicci\u00f3n, con coraje y con actitud\u201d enfatiz\u00f3 el titular de la UCR y llam\u00f3 a \u201cno dejarse atrapar por la l\u00f3gica de la violencia a la que nos quieren llevar\u201d.<\/span><\/div>\n<div id=\"ecxyui_3_16_0_1_1431280047394_26208\" class=\"\"><span id=\"ecxyui_3_16_0_1_1431280047394_26207\" class=\"\">Observ\u00f3 Morales que la espiral de violencia pol\u00edtica que ha tenido una nueva expresi\u00f3n en la ciudad de La Quiaca, donde fueron pintadas la sede partidaria y la casa de la edil Alejandra El\u00edas, es \u201cexclusiva responsabilidad del Gobernador Eduardo Fellner, su estructura de Intendentes y su alianza con Milagro Sala\u201d.<\/span><\/div>\n<div id=\"ecxyui_3_16_0_1_1431280047394_26210\" class=\"\"><span id=\"ecxyui_3_16_0_1_1431280047394_26209\" class=\"\">\u201cA la violencia vamos a responder con ley, pero fundamentalmente con propuestas. No van a poder sacarnos del camino que transitamos de construir un proyecto para un nuevo Jujuy, con paz, con tolerancia, con respeto, con trabajo y producci\u00f3n\u201d sentenci\u00f3 Morales y afirm\u00f3 que el frente que articula la UCR con otras fuerzas es el \u00fanico grupo que puede gobernar Jujuy y sacarlo de esta situaci\u00f3n de violencia creciente, de confrontaci\u00f3n y de atraso.<\/span><\/div>\n<div id=\"ecxyui_3_16_0_1_1431280047394_26217\" class=\"\"><span id=\"ecxyui_3_16_0_1_1431280047394_26216\" class=\"\">Morales volvi\u00f3 a ratificar que la producci\u00f3n ser\u00e1 uno de los ejes de un nuevo gobierno y en tal sentido, analiz\u00f3 que urge generar mejores condiciones para las producciones agr\u00edcolas, ganaderas y artesanales de la Quebrada. Comprometi\u00f3 el apoyo a los peque\u00f1os productores y volvi\u00f3 a insistir que garantizar\u00e1 los planes sociales, sin discriminaci\u00f3n alguna y que el desaf\u00edo ser\u00e1 devolver a los beneficiarios derechos y libertades sustra\u00eddas por la matriz clientelar en la que han sido atrapados. Pero tambi\u00e9n ratific\u00f3 que habr\u00e1 una pol\u00edtica de fortalecimiento de las cooperativas de la construcci\u00f3n y asegur\u00f3 que\u00a0 garantizar\u00e1 a sus trabajadores ingresos de convenio, para terminar con la precarizaci\u00f3n en la que se encuentran.<\/span><\/div>\n<div id=\"ecxyui_3_16_0_1_1431280047394_26455\" class=\"\"><span class=\"\">\u00a0<\/span><\/div>\n","protected":false},"excerpt":{"rendered":"<p>FORO DE CONCEJALES Y VOCALES RADICALES DE LA QUEBRADA DIO FUERTE RESPALDO A LA CANDIDATURA DE GERARDO MORALES \u00a0Tambi\u00e9n los concejales y vocales consideraron que la pr\u00f3xima contienda electoral constituye una\u00a0 oportunidad hist\u00f3rica para cambiar el rumbo de Jujuy, con el triunfo de Gerardo Morales como Gobernador. Los ediles, vocales e intendentes radicales se\u00f1alaron que [&hellip;]<\/p>\n","protected":false},"author":1,"featured_media":26548,"comment_status":"open","ping_status":"open","sticky":false,"template":"","format":"standard","meta":{"_stopmodifiedupdate":false,"_modified_date":"","inline_featured_image":false},"categories":[485],"tags":[],"jetpack_featured_media_url":"https:\/\/notinor.com\/jujuy\/wp-content\/uploads\/2015\/05\/IMG_7955.jpg","_links":{"self":[{"href":"https:\/\/notinor.com\/jujuy\/wp-json\/wp\/v2\/posts\/26540"}],"collection":[{"href":"https:\/\/notinor.com\/jujuy\/wp-json\/wp\/v2\/posts"}],"about":[{"href":"https:\/\/notinor.com\/jujuy\/wp-json\/wp\/v2\/types\/post"}],"author":[{"embeddable":true,"href":"https:\/\/notinor.com\/jujuy\/wp-json\/wp\/v2\/users\/1"}],"replies":[{"embeddable":true,"href":"https:\/\/notinor.com\/jujuy\/wp-json\/wp\/v2\/comments?post=26540"}],"version-history":[{"count":1,"href":"https:\/\/notinor.com\/jujuy\/wp-json\/wp\/v2\/posts\/26540\/revisions"}],"predecessor-version":[{"id":26549,"href":"https:\/\/notinor.com\/jujuy\/wp-json\/wp\/v2\/posts\/26540\/revisions\/26549"}],"wp:featuredmedia":[{"embeddable":true,"href":"https:\/\/notinor.com\/jujuy\/wp-json\/wp\/v2\/media\/26548"}],"wp:attachment":[{"href":"https:\/\/notinor.com\/jujuy\/wp-json\/wp\/v2\/media?parent=26540"}],"wp:term":[{"taxonomy":"category","embeddable":true,"href":"https:\/\/notinor.com\/jujuy\/wp-json\/wp\/v2\/categories?post=26540"},{"taxonomy":"post_tag","embeddable":true,"href":"https:\/\/notinor.com\/jujuy\/wp-json\/wp\/v2\/tags?post=26540"}],"curies":[{"name":"wp","href":"https:\/\/api.w.org\/{rel}","templated":true}]}}