{"id":265124,"date":"2020-09-11T17:33:38","date_gmt":"2020-09-11T20:33:38","guid":{"rendered":"https:\/\/notinor.com\/jujuy\/?p=265124"},"modified":"2020-09-11T17:33:43","modified_gmt":"2020-09-11T20:33:43","slug":"terminan-las-obras-en-el-hospital-de-campana-de-monterrico","status":"publish","type":"post","link":"https:\/\/notinor.com\/jujuy\/terminan-las-obras-en-el-hospital-de-campana-de-monterrico\/","title":{"rendered":"Terminan las obras en el Hospital de Campa\u00f1a de Monterrico"},"content":{"rendered":"\n<p>Las instalaciones estar\u00e1n listas en diez d\u00edas, as\u00ed lo confirm\u00f3 el ministro de Infraestructura, Carlos Stanic.<\/p>\n\n\n\n<figure class=\"wp-block-image size-large\"><img decoding=\"async\" loading=\"lazy\" width=\"770\" height=\"480\" src=\"https:\/\/notinor.com\/jujuy\/wp-content\/uploads\/2020\/09\/HOSCAM-MONTERRICO-04-1024x638-1-770x480.jpg\" alt=\"\" class=\"wp-image-265125\" srcset=\"https:\/\/notinor.com\/jujuy\/wp-content\/uploads\/2020\/09\/HOSCAM-MONTERRICO-04-1024x638-1-770x480.jpg 770w, https:\/\/notinor.com\/jujuy\/wp-content\/uploads\/2020\/09\/HOSCAM-MONTERRICO-04-1024x638-1-586x365.jpg 586w, https:\/\/notinor.com\/jujuy\/wp-content\/uploads\/2020\/09\/HOSCAM-MONTERRICO-04-1024x638-1-768x479.jpg 768w, https:\/\/notinor.com\/jujuy\/wp-content\/uploads\/2020\/09\/HOSCAM-MONTERRICO-04-1024x638-1-750x467.jpg 750w, https:\/\/notinor.com\/jujuy\/wp-content\/uploads\/2020\/09\/HOSCAM-MONTERRICO-04-1024x638-1.jpg 1024w\" sizes=\"(max-width: 770px) 100vw, 770px\" \/><\/figure>\n\n\n\n<p>El Ministerio de Infraestructura, a trav\u00e9s de su Secretar\u00eda de Infraestructura, junto al Comit\u00e9 Operativo de Emergencia (COE) de Monterrico dise\u00f1aron y programaron las obras con las que se configura el Hospital de Campa\u00f1a, ubicado en el Centro de Rehabilitaci\u00f3n Municipal CANACADI.<\/p>\n\n\n\n<p>El mismo estar\u00e1 disponible para la atenci\u00f3n de pacientes que transiten el COVID-19, ampliando la asistencia de salud que brinda el Hospital de la localidad.<\/p>\n\n\n\n<p>Las obras cubren una superficie de 400 m2 y permitir\u00e1n una capacidad de 24 plazas, distribuyendo a varones y mujeres en planta baja y alta, respectivamente. \u201cEn diez d\u00edas estaremos culminando esta obra, que dispondr\u00e1n los equipos del Ministerio de Salud y el municipio\u201d, inform\u00f3 el ministro Stanic. \u201cEste nuevo hospital representa mucho m\u00e1s que un nuevo espacio de internaci\u00f3n, es un lugar muy querido por la comunidad de Monterrico y m\u00e1s all\u00e1 de la situaci\u00f3n sanitaria actual creemos que la obra es significativa tambi\u00e9n porque quedar\u00e1 a disposici\u00f3n para nuevos usos cuando pasen estos tiempos complicados\u201d, valor\u00f3, y agreg\u00f3: \u201ctenemos que continuar cuid\u00e1ndonos y siendo responsables para prevenir y evitar contagios\u201d.<\/p>\n\n\n\n<figure class=\"wp-block-image size-large\"><img decoding=\"async\" src=\"http:\/\/prensa.jujuy.gob.ar\/wp-content\/uploads\/sites\/37\/2020\/09\/HOSCAM-MONTERRICO-01-1-1024x768.jpg\" alt=\"\"\/><\/figure>\n\n\n\n<p>Por su parte el intendente de Monterrico, Nilson Ortega, agradeci\u00f3 a los equipos del Ministerio y destac\u00f3 la importancia de este nuevo espacio. \u201cEn Monterrico contamos con 10 camas en el Hospital; con esta intervenci\u00f3n sumamos 24 y es muy importante para nosotros. Nos brinda tranquilidad saber que en los pr\u00f3ximos d\u00edas contaremos con este nuevo espacio sanitario\u201d, \u00a0expres\u00f3 el jefe comunal.<\/p>\n\n\n\n<p>En cuanto a la intervenci\u00f3n que configura el pr\u00f3ximo Hospital de Campa\u00f1a en Monterrico, el secretario de Infraestructura, Jos\u00e9 Suarez, detall\u00f3: \u201cse ejecutaron ya obras diversas, entre ellas un espacio de internaci\u00f3n, retenes de acceso, cuatro sanitarios completos, un \u00e1rea m\u00e9dica y administrativa\u201d. \u00a0Tambi\u00e9n, \u201cse sum\u00f3 un tanque de reserva con bomba presurizadora y sistema de agua caliente para duchas y lavabos, y decidimos que la obra ameritaba reforzar el sistema el\u00e9ctrico general con \u00a0instalaci\u00f3n de un nuevo tablero, iluminaci\u00f3n LED y tomacorrientes para cada cama, lo que tambi\u00e9n dispusimos\u201d, ampli\u00f3 el funcionario, detallando que en estos d\u00edas las tareas se concentran \u00a0en \u201clos trabajos de pintura general, acondicionamiento de carpinter\u00edas, impermeabilizaci\u00f3n de techo\u00a0 junto a la instalaci\u00f3n de gas y se\u00f1al\u00e9tica\u201d, concluy\u00f3 Suarez.<\/p>\n","protected":false},"excerpt":{"rendered":"<p>Las instalaciones estar\u00e1n listas en diez d\u00edas, as\u00ed lo confirm\u00f3 el ministro de Infraestructura, Carlos Stanic. El Ministerio de Infraestructura, a trav\u00e9s de su Secretar\u00eda de Infraestructura, junto al Comit\u00e9 Operativo de Emergencia (COE) de Monterrico dise\u00f1aron y programaron las obras con las que se configura el Hospital de Campa\u00f1a, ubicado en el Centro de [&hellip;]<\/p>\n","protected":false},"author":1,"featured_media":265125,"comment_status":"open","ping_status":"open","sticky":false,"template":"","format":"standard","meta":{"_stopmodifiedupdate":false,"_modified_date":"","inline_featured_image":false,"spay_email":"","jetpack_publicize_message":""},"categories":[4],"tags":[],"jetpack_featured_media_url":"https:\/\/notinor.com\/jujuy\/wp-content\/uploads\/2020\/09\/HOSCAM-MONTERRICO-04-1024x638-1.jpg","jetpack_publicize_connections":[],"_links":{"self":[{"href":"https:\/\/notinor.com\/jujuy\/wp-json\/wp\/v2\/posts\/265124"}],"collection":[{"href":"https:\/\/notinor.com\/jujuy\/wp-json\/wp\/v2\/posts"}],"about":[{"href":"https:\/\/notinor.com\/jujuy\/wp-json\/wp\/v2\/types\/post"}],"author":[{"embeddable":true,"href":"https:\/\/notinor.com\/jujuy\/wp-json\/wp\/v2\/users\/1"}],"replies":[{"embeddable":true,"href":"https:\/\/notinor.com\/jujuy\/wp-json\/wp\/v2\/comments?post=265124"}],"version-history":[{"count":1,"href":"https:\/\/notinor.com\/jujuy\/wp-json\/wp\/v2\/posts\/265124\/revisions"}],"predecessor-version":[{"id":265126,"href":"https:\/\/notinor.com\/jujuy\/wp-json\/wp\/v2\/posts\/265124\/revisions\/265126"}],"wp:featuredmedia":[{"embeddable":true,"href":"https:\/\/notinor.com\/jujuy\/wp-json\/wp\/v2\/media\/265125"}],"wp:attachment":[{"href":"https:\/\/notinor.com\/jujuy\/wp-json\/wp\/v2\/media?parent=265124"}],"wp:term":[{"taxonomy":"category","embeddable":true,"href":"https:\/\/notinor.com\/jujuy\/wp-json\/wp\/v2\/categories?post=265124"},{"taxonomy":"post_tag","embeddable":true,"href":"https:\/\/notinor.com\/jujuy\/wp-json\/wp\/v2\/tags?post=265124"}],"curies":[{"name":"wp","href":"https:\/\/api.w.org\/{rel}","templated":true}]}}