{"id":265121,"date":"2020-09-11T17:01:48","date_gmt":"2020-09-11T20:01:48","guid":{"rendered":"https:\/\/notinor.com\/jujuy\/?p=265121"},"modified":"2020-09-11T17:01:52","modified_gmt":"2020-09-11T20:01:52","slug":"procrear-abrieron-las-inscripciones-para-construccion-y-ampliacion","status":"publish","type":"post","link":"https:\/\/notinor.com\/jujuy\/procrear-abrieron-las-inscripciones-para-construccion-y-ampliacion\/","title":{"rendered":"Procrear: abrieron las inscripciones para Construcci\u00f3n y Ampliaci\u00f3n"},"content":{"rendered":"\n<p>Hoy se habilitaron las inscripciones para esta l\u00ednea de cr\u00e9ditos que beneficiar\u00e1 a 30.000 familias.<\/p>\n\n\n\n<figure class=\"wp-block-image size-large\"><img decoding=\"async\" loading=\"lazy\" width=\"770\" height=\"433\" src=\"https:\/\/notinor.com\/jujuy\/wp-content\/uploads\/2020\/09\/procrear.jpg\" alt=\"\" class=\"wp-image-265122\" srcset=\"https:\/\/notinor.com\/jujuy\/wp-content\/uploads\/2020\/09\/procrear.jpg 770w, https:\/\/notinor.com\/jujuy\/wp-content\/uploads\/2020\/09\/procrear-649x365.jpg 649w, https:\/\/notinor.com\/jujuy\/wp-content\/uploads\/2020\/09\/procrear-500x280.jpg 500w, https:\/\/notinor.com\/jujuy\/wp-content\/uploads\/2020\/09\/procrear-768x432.jpg 768w, https:\/\/notinor.com\/jujuy\/wp-content\/uploads\/2020\/09\/procrear-750x422.jpg 750w\" sizes=\"(max-width: 770px) 100vw, 770px\" \/><\/figure>\n\n\n\n<p>El\u00a0<strong>Ministerio de Desarrollo Territorial y H\u00e1bitat<\/strong>\u00a0habilit\u00f3\u00a0desde este viernes 11 de septiembre la inscripci\u00f3n a la<strong>\u00a0l\u00ednea de cr\u00e9ditos del\u00a0Programa Cr\u00e9dito Argentino\u00a0(Procrear)<\/strong>\u00a0destinados para la\u00a0<strong>ampliaci\u00f3n y a la construcci\u00f3n de viviendas.<\/strong><\/p>\n\n\n\n<p>Con un tope de\u00a0<strong>30.000 asignaciones<\/strong>, los fondos que se emplear\u00e1n para la construcci\u00f3n deber\u00e1n cumplir con la edificaci\u00f3n\u00a0de<strong>\u00a0hasta 90 metros cuadrados en\u00a0lotes<\/strong>\u00a0que se encuentran contemplados dentro del programa, o bien espacios provinciales, municipales e incluso\u00a0propios. Por su parte, la\u00a0<strong>Ampliaci\u00f3n s\u00f3lo estar\u00e1 disponible para un m\u00e1ximo de hasta 30 metros cuadrados<\/strong>\u00a0<strong>en viviendas ya existentes.\u00a0<\/strong><\/p>\n\n\n\n<p>Las l\u00edneas mantendr\u00e1n la modalidad de sorteo, y fija un\u00a0<strong>techo de $3.500.000 para construcci\u00f3n<\/strong>, en tanto que\u00a0<strong>2.000 cr\u00e9ditos de hasta $1.500.000 estar\u00e1n\u00a0disponibles para la ampliaci\u00f3n.\u00a0<\/strong><\/p>\n\n\n\n<p><strong>Requisitos:<\/strong><\/p>\n\n\n\n<p>Para poder acceder a las nuevas l\u00edneas de cr\u00e9ditos del\u00a0Procrear,\u00a0<strong>los ingresos familiares de los interesados no podr\u00e1 superar el equivalente a ocho veces el salario m\u00ednimo, vital y m\u00f3vil ($135.000).\u00a0<\/strong>Para la l\u00ednea construcci\u00f3n no se deber\u00e1 ser propietario ni copropietario de una vivienda.<\/p>\n\n\n\n<ul><li>Ser argentino, natural o por opci\u00f3n, o extranjero con residencia permanente;<\/li><li>Tener\u00a0Documento Nacional de Identidad vigente;<\/li><li>El grupo familiar deber\u00e1 contar con ingresos provenientes de trabajos formales, Jubilaciones y\/o Pensiones. La suma de los ingresos del grupo familiar en forma mensual netos deber\u00e1n estar en el rango de dos (2) y ocho (8) salarios m\u00ednimo vital y m\u00f3vil (SMVyM) al momento de la inscripci\u00f3n, es decir entre $ 33.750 y $ 135.000;<\/li><li>Tener entre 18 y 64 a\u00f1os de edad al momento de la inscripci\u00f3n;<\/li><\/ul>\n\n\n\n<p><strong>Como inscribirse:<\/strong><\/p>\n\n\n\n<p>La inscripci\u00f3n&nbsp;se realizar\u00e1 por medio del sitio oficial&nbsp;<strong><a href=\"https:\/\/www.argentina.gob.ar\/habitat\" target=\"_blank\" rel=\"noreferrer noopener\">https:\/\/www.argentina.gob.ar\/habitat<\/a><\/strong><\/p>\n\n\n\n<p>En ambos casos, los cr\u00e9ditos se ajustar\u00e1n por la\u00a0<strong>F\u00f3rmula Hogar<\/strong>. Este c\u00e1lculo\u00a0toma como referencia la\u00a0<strong>evoluci\u00f3n de los salarios<\/strong>, con un tope del 2% del Coeficiente de Estabilizaci\u00f3n de Referencia (CER).<\/p>\n\n\n\n<figure class=\"wp-block-image size-large\"><img decoding=\"async\" src=\"https:\/\/www.baenegocios.com\/__export\/1599821684328\/sites\/cronica\/img\/2020\/09\/11\/procrear_crop1599821631171.jpg_966076397.jpg\" alt=\"\"\/><\/figure>\n\n\n\n<p><strong>Tasas de cr\u00e9ditos:<\/strong><\/p>\n\n\n\n<ul><li>Los prestamos de <strong>Ampliaci\u00f3n\u00a0<\/strong>tendr\u00e1n un<strong>\u00a0plazo de hasta 180 meses para ser devueltos y los de Construcci\u00f3n, 360 meses.<\/strong><\/li><li>Adem\u00e1s, ambos cuentan con\u00a0una tasa fija con capital ajustable seg\u00fan el<strong>\u00a0coeficiente Hog.AR\u00a0que toma en cuenta la variaci\u00f3n salarial.<\/strong><\/li><li>La tasa de inter\u00e9s aplicable se va a determinar en funci\u00f3n al segmento de ingreso del que forme parte el beneficiario, ya que el programa plantea cuatro segmentos de<strong>\u00a0ingresos que van desde los 2 hasta los 8 salarios m\u00ednimos vital y m\u00f3vil.<\/strong><\/li><li>Los cr\u00e9ditos se van a formalizar a trav\u00e9s del\u00a0<strong>servicio de banca por internet de Banco Hipotecario<\/strong>, que act\u00faa como Fiduciario del Fideicomiso Procrear, y los fondos correspondientes al cr\u00e9dito se van a depositar en una caja de ahorro de titularidad del beneficiario abierta en esa entidad bancaria.<\/li><\/ul>\n\n\n\n<p><strong>L\u00ednea de Mejoramientos y Ampliaci\u00f3n:<\/strong><\/p>\n\n\n\n<ul><li>La ampliaci\u00f3n m\u00e1xima admitida es de 30 metros cuadrados;<\/li><li>La vivienda\u00a0no podr\u00e1 contar con\u00a0una superficie mayor a 90 metros cuadrados;<\/li><li>Plazo m\u00e1ximo de obra es de 9 meses.<\/li><\/ul>\n\n\n\n<p><strong>L\u00ednea de Construcci\u00f3n:<\/strong><\/p>\n\n\n\n<ul><li>Son los fondos reservados para\u00a0propietario de un lote;<\/li><li>La escritura del lote debe tener una fecha previa al 4 de agosto de este a\u00f1o;<\/li><li>El terreno sobre el que se asienten las obras debe ser del titular del solicitante o de su c\u00f3nyuge o concubino\/a;<\/li><li>Se admitir\u00e1n terrenos de titularidad dominial de los padres o hijo de alguno de los solicitantes, en tanto en el mismo se encuentre ya construida una vivienda.<\/li><\/ul>\n","protected":false},"excerpt":{"rendered":"<p>Hoy se habilitaron las inscripciones para esta l\u00ednea de cr\u00e9ditos que beneficiar\u00e1 a 30.000 familias. El\u00a0Ministerio de Desarrollo Territorial y H\u00e1bitat\u00a0habilit\u00f3\u00a0desde este viernes 11 de septiembre la inscripci\u00f3n a la\u00a0l\u00ednea de cr\u00e9ditos del\u00a0Programa Cr\u00e9dito Argentino\u00a0(Procrear)\u00a0destinados para la\u00a0ampliaci\u00f3n y a la construcci\u00f3n de viviendas. Con un tope de\u00a030.000 asignaciones, los fondos que se emplear\u00e1n para la [&hellip;]<\/p>\n","protected":false},"author":1,"featured_media":265122,"comment_status":"open","ping_status":"open","sticky":false,"template":"","format":"standard","meta":{"_stopmodifiedupdate":false,"_modified_date":"","inline_featured_image":false,"spay_email":"","jetpack_publicize_message":""},"categories":[676],"tags":[],"jetpack_featured_media_url":"https:\/\/notinor.com\/jujuy\/wp-content\/uploads\/2020\/09\/procrear.jpg","jetpack_publicize_connections":[],"_links":{"self":[{"href":"https:\/\/notinor.com\/jujuy\/wp-json\/wp\/v2\/posts\/265121"}],"collection":[{"href":"https:\/\/notinor.com\/jujuy\/wp-json\/wp\/v2\/posts"}],"about":[{"href":"https:\/\/notinor.com\/jujuy\/wp-json\/wp\/v2\/types\/post"}],"author":[{"embeddable":true,"href":"https:\/\/notinor.com\/jujuy\/wp-json\/wp\/v2\/users\/1"}],"replies":[{"embeddable":true,"href":"https:\/\/notinor.com\/jujuy\/wp-json\/wp\/v2\/comments?post=265121"}],"version-history":[{"count":1,"href":"https:\/\/notinor.com\/jujuy\/wp-json\/wp\/v2\/posts\/265121\/revisions"}],"predecessor-version":[{"id":265123,"href":"https:\/\/notinor.com\/jujuy\/wp-json\/wp\/v2\/posts\/265121\/revisions\/265123"}],"wp:featuredmedia":[{"embeddable":true,"href":"https:\/\/notinor.com\/jujuy\/wp-json\/wp\/v2\/media\/265122"}],"wp:attachment":[{"href":"https:\/\/notinor.com\/jujuy\/wp-json\/wp\/v2\/media?parent=265121"}],"wp:term":[{"taxonomy":"category","embeddable":true,"href":"https:\/\/notinor.com\/jujuy\/wp-json\/wp\/v2\/categories?post=265121"},{"taxonomy":"post_tag","embeddable":true,"href":"https:\/\/notinor.com\/jujuy\/wp-json\/wp\/v2\/tags?post=265121"}],"curies":[{"name":"wp","href":"https:\/\/api.w.org\/{rel}","templated":true}]}}