{"id":265115,"date":"2020-09-11T16:25:57","date_gmt":"2020-09-11T19:25:57","guid":{"rendered":"https:\/\/notinor.com\/jujuy\/?p=265115"},"modified":"2020-09-11T16:26:02","modified_gmt":"2020-09-11T19:26:02","slug":"palpala-este-sabado-habra-una-nueva-edicion-de-activate-en-casa","status":"publish","type":"post","link":"https:\/\/notinor.com\/jujuy\/palpala-este-sabado-habra-una-nueva-edicion-de-activate-en-casa\/","title":{"rendered":"Palpal\u00e1: este s\u00e1bado habr\u00e1 una nueva edici\u00f3n de \"Activate en Casa\""},"content":{"rendered":"\n<p>Se realizar\u00e1 a las 18.45 horas, y ser\u00e1 transmitido por la p\u00e1gina de Facebook de la Direcci\u00f3n de Deportes de Palpal\u00e1 y por Videotel.<\/p>\n\n\n\n<figure class=\"wp-block-image size-large\"><img decoding=\"async\" loading=\"lazy\" width=\"720\" height=\"480\" src=\"https:\/\/notinor.com\/jujuy\/wp-content\/uploads\/2020\/09\/ESTE-S\u00c1BADO-UNA-NUEVA-JORNADA-DE-\u201cACTIVATE-EN-CASA\u201d-PALPAL\u00c1-ESPECIAL-ENTRENAMOS-Y-BAILAMOS-2-720x480.jpg\" alt=\"\" class=\"wp-image-265116\" srcset=\"https:\/\/notinor.com\/jujuy\/wp-content\/uploads\/2020\/09\/ESTE-S\u00c1BADO-UNA-NUEVA-JORNADA-DE-\u201cACTIVATE-EN-CASA\u201d-PALPAL\u00c1-ESPECIAL-ENTRENAMOS-Y-BAILAMOS-2-720x480.jpg 720w, https:\/\/notinor.com\/jujuy\/wp-content\/uploads\/2020\/09\/ESTE-S\u00c1BADO-UNA-NUEVA-JORNADA-DE-\u201cACTIVATE-EN-CASA\u201d-PALPAL\u00c1-ESPECIAL-ENTRENAMOS-Y-BAILAMOS-2-548x365.jpg 548w, https:\/\/notinor.com\/jujuy\/wp-content\/uploads\/2020\/09\/ESTE-S\u00c1BADO-UNA-NUEVA-JORNADA-DE-\u201cACTIVATE-EN-CASA\u201d-PALPAL\u00c1-ESPECIAL-ENTRENAMOS-Y-BAILAMOS-2-768x512.jpg 768w, https:\/\/notinor.com\/jujuy\/wp-content\/uploads\/2020\/09\/ESTE-S\u00c1BADO-UNA-NUEVA-JORNADA-DE-\u201cACTIVATE-EN-CASA\u201d-PALPAL\u00c1-ESPECIAL-ENTRENAMOS-Y-BAILAMOS-2-750x500.jpg 750w, https:\/\/notinor.com\/jujuy\/wp-content\/uploads\/2020\/09\/ESTE-S\u00c1BADO-UNA-NUEVA-JORNADA-DE-\u201cACTIVATE-EN-CASA\u201d-PALPAL\u00c1-ESPECIAL-ENTRENAMOS-Y-BAILAMOS-2-1140x760.jpg 1140w, https:\/\/notinor.com\/jujuy\/wp-content\/uploads\/2020\/09\/ESTE-S\u00c1BADO-UNA-NUEVA-JORNADA-DE-\u201cACTIVATE-EN-CASA\u201d-PALPAL\u00c1-ESPECIAL-ENTRENAMOS-Y-BAILAMOS-2.jpg 1200w\" sizes=\"(max-width: 720px) 100vw, 720px\" \/><\/figure>\n\n\n\n<p>El municipio Palpale\u00f1o a trav\u00e9s de la Direcci\u00f3n de Deportes, llevar\u00e1 adelante la quinta jornada de \u201cActivate en Casa Palpal\u00e1\u201d especial Entrenamos y Bailamos ritmos internacionales. La cita ser\u00e1 ma\u00f1ana, s\u00e1bado 12 de septiembre, a las 18.45 horas y ser\u00e1 transmitida en vivo por la p\u00e1gina de Facebook de la Direcci\u00f3n de Deportes- Palpal\u00e1 y por la frecuencia 10 de Videotel.<\/p>\n\n\n\n<p>En esta propuesta participar\u00e1n los instructores Diego Mart\u00edn, con danzas brasile\u00f1as; Valeria Cruz, danzas argentinas; Augusto Danzas Caribe\u00f1as, y Jos\u00e9 Humacata, danzas bolivianas.<\/p>\n\n\n\n<p>Asimismo el profesor, Javier Dom\u00ednguez, perteneciente a la Direcci\u00f3n de Deportes de la municipalidad, inform\u00f3: \u201cel s\u00e1bado continuar\u00e1n con las actividades planificadas para el Proyecto \u201cQu\u00e9date en Casa\u201d. Como se viene realizando todos los s\u00e1bados, para esta jornada se presentar\u00e1, ritmo latino con un profesor de danzas brasile\u00f1as y bolivianas, saya y tinku, un instructor de salsa y bachatas, por \u00faltimo, cuarteto y cumbias\u201d.<\/p>\n\n\n\n<p>\u201cLa repercusi\u00f3n, es exitosa, fue solicitado en otros lugares de la provincia, resalt\u00f3 Dom\u00ednguez, por lo cual para la \u00faltima jornada tenemos previsto un cierre muy importante\u201d, finaliz\u00f3 el referente de Deportes.<\/p>\n","protected":false},"excerpt":{"rendered":"<p>Se realizar\u00e1 a las 18.45 horas, y ser\u00e1 transmitido por la p\u00e1gina de Facebook de la Direcci\u00f3n de Deportes de Palpal\u00e1 y por Videotel. El municipio Palpale\u00f1o a trav\u00e9s de la Direcci\u00f3n de Deportes, llevar\u00e1 adelante la quinta jornada de \u201cActivate en Casa Palpal\u00e1\u201d especial Entrenamos y Bailamos ritmos internacionales. La cita ser\u00e1 ma\u00f1ana, s\u00e1bado [&hellip;]<\/p>\n","protected":false},"author":1,"featured_media":265116,"comment_status":"open","ping_status":"open","sticky":false,"template":"","format":"standard","meta":{"_stopmodifiedupdate":false,"_modified_date":"","inline_featured_image":false,"spay_email":"","jetpack_publicize_message":""},"categories":[4],"tags":[],"jetpack_featured_media_url":"https:\/\/notinor.com\/jujuy\/wp-content\/uploads\/2020\/09\/ESTE-S\u00c1BADO-UNA-NUEVA-JORNADA-DE-\u201cACTIVATE-EN-CASA\u201d-PALPAL\u00c1-ESPECIAL-ENTRENAMOS-Y-BAILAMOS-2.jpg","jetpack_publicize_connections":[],"_links":{"self":[{"href":"https:\/\/notinor.com\/jujuy\/wp-json\/wp\/v2\/posts\/265115"}],"collection":[{"href":"https:\/\/notinor.com\/jujuy\/wp-json\/wp\/v2\/posts"}],"about":[{"href":"https:\/\/notinor.com\/jujuy\/wp-json\/wp\/v2\/types\/post"}],"author":[{"embeddable":true,"href":"https:\/\/notinor.com\/jujuy\/wp-json\/wp\/v2\/users\/1"}],"replies":[{"embeddable":true,"href":"https:\/\/notinor.com\/jujuy\/wp-json\/wp\/v2\/comments?post=265115"}],"version-history":[{"count":1,"href":"https:\/\/notinor.com\/jujuy\/wp-json\/wp\/v2\/posts\/265115\/revisions"}],"predecessor-version":[{"id":265117,"href":"https:\/\/notinor.com\/jujuy\/wp-json\/wp\/v2\/posts\/265115\/revisions\/265117"}],"wp:featuredmedia":[{"embeddable":true,"href":"https:\/\/notinor.com\/jujuy\/wp-json\/wp\/v2\/media\/265116"}],"wp:attachment":[{"href":"https:\/\/notinor.com\/jujuy\/wp-json\/wp\/v2\/media?parent=265115"}],"wp:term":[{"taxonomy":"category","embeddable":true,"href":"https:\/\/notinor.com\/jujuy\/wp-json\/wp\/v2\/categories?post=265115"},{"taxonomy":"post_tag","embeddable":true,"href":"https:\/\/notinor.com\/jujuy\/wp-json\/wp\/v2\/tags?post=265115"}],"curies":[{"name":"wp","href":"https:\/\/api.w.org\/{rel}","templated":true}]}}