{"id":265111,"date":"2020-09-11T13:47:54","date_gmt":"2020-09-11T16:47:54","guid":{"rendered":"https:\/\/notinor.com\/jujuy\/?p=265111"},"modified":"2020-09-11T13:47:58","modified_gmt":"2020-09-11T16:47:58","slug":"estamos-pagando-lo-que-paso-con-la-pachamama-afirmo-gerardo-morales","status":"publish","type":"post","link":"https:\/\/notinor.com\/jujuy\/estamos-pagando-lo-que-paso-con-la-pachamama-afirmo-gerardo-morales\/","title":{"rendered":"\"Estamos pagando lo que pas\u00f3 con la Pachamama\", afirm\u00f3 Gerardo Morales"},"content":{"rendered":"\n<p>El Gobernador se refiri\u00f3 a la situaci\u00f3n epidemiol\u00f3gica, adem\u00e1s no descarta aplicar medidas rigurosas en los barrios que presenten m\u00e1s contagios.<\/p>\n\n\n\n<figure class=\"wp-block-image size-large\"><img decoding=\"async\" loading=\"lazy\" width=\"732\" height=\"480\" src=\"https:\/\/notinor.com\/jujuy\/wp-content\/uploads\/2020\/09\/Morales-G-1-732x480.jpg\" alt=\"\" class=\"wp-image-265112\" srcset=\"https:\/\/notinor.com\/jujuy\/wp-content\/uploads\/2020\/09\/Morales-G-1-732x480.jpg 732w, https:\/\/notinor.com\/jujuy\/wp-content\/uploads\/2020\/09\/Morales-G-1-556x365.jpg 556w, https:\/\/notinor.com\/jujuy\/wp-content\/uploads\/2020\/09\/Morales-G-1-768x504.jpg 768w, https:\/\/notinor.com\/jujuy\/wp-content\/uploads\/2020\/09\/Morales-G-1-750x492.jpg 750w, https:\/\/notinor.com\/jujuy\/wp-content\/uploads\/2020\/09\/Morales-G-1.jpg 1140w\" sizes=\"(max-width: 732px) 100vw, 732px\" \/><\/figure>\n\n\n\n<p>En horas de la ma\u00f1ana el gobernador, Gerardo Morales, encabez\u00f3 el operativo sanitario desplegado en el barrio Los Ceibos de San Salvador de Jujuy. All\u00ed dialog\u00f3 con los vecinos e insisti\u00f3 en la importancia de respetar el aislamiento y no salir del hogar.<\/p>\n\n\n\n<p>De igual forma Morales explic\u00f3 que analizan constantemente la situaci\u00f3n epidemiol\u00f3gica en toda la provincia, la flexibilizaci\u00f3n anunciada para el pr\u00f3ximo domingo responde a eso. Sin embargo, afirm\u00f3 que no descartan aplicar medidas m\u00e1s estrictas en los barrios que presenten un alto n\u00famero de contagios.<\/p>\n\n\n\n<p>El Gobernador expres\u00f3 a <em>Somos Jujuy<\/em>: \"<strong>Si crecen los casos en Capital va a haber que tomar algunas medidas por sectores. El sistema de salud siempre est\u00e1 al l\u00edmite<\/strong>, ya se tomaron medidas para intentar frenar los contagios en San Pedro, ciudad que vive una situaci\u00f3n complicada, por eso le pedimos una vez m\u00e1s a la gente que se quede en casa\".<\/p>\n\n\n\n<p>Adem\u00e1s, Morales expres\u00f3 que desconoce si la provincia ya alcanz\u00f3 el pico de contagios y afirm\u00f3 que <strong>la actual situaci\u00f3n sanitaria responde a las reuniones que se realizaron en agosto por las celebraciones de la Pachamama.<\/strong><\/p>\n\n\n\n<p>\"Si seguimos saliendo, y la gente continua contagi\u00e1ndose, va a ser dif\u00edcil frenar el virus. <strong>En agosto hubo mucha juntada para honrar a la Madre Tierra.<\/strong> Los COE municipales de Humahuaca y Maimara eval\u00faan que muchos se contagiaron en esas reuniones\", expres\u00f3 el principal mandatario provincial.<\/p>\n\n\n\n<p>Por \u00faltimo, el Gobernador record\u00f3 que las \"ART tambi\u00e9n est\u00e1n empezando a trabajar. Hasta la semana pasada el sistema p\u00fablico sanitario carg\u00f3 en sus espaldas toda la atenci\u00f3n de los pacientes con Covid, por eso necesitamos el acompa\u00f1amiento de todos\u201d, concluy\u00f3 Gerardo Morales.<\/p>\n","protected":false},"excerpt":{"rendered":"<p>El Gobernador se refiri\u00f3 a la situaci\u00f3n epidemiol\u00f3gica, adem\u00e1s no descarta aplicar medidas rigurosas en los barrios que presenten m\u00e1s contagios. En horas de la ma\u00f1ana el gobernador, Gerardo Morales, encabez\u00f3 el operativo sanitario desplegado en el barrio Los Ceibos de San Salvador de Jujuy. All\u00ed dialog\u00f3 con los vecinos e insisti\u00f3 en la importancia [&hellip;]<\/p>\n","protected":false},"author":1,"featured_media":265112,"comment_status":"open","ping_status":"open","sticky":false,"template":"","format":"standard","meta":{"_stopmodifiedupdate":false,"_modified_date":"","inline_featured_image":false,"spay_email":"","jetpack_publicize_message":""},"categories":[2],"tags":[],"jetpack_featured_media_url":"https:\/\/notinor.com\/jujuy\/wp-content\/uploads\/2020\/09\/Morales-G-1.jpg","jetpack_publicize_connections":[],"_links":{"self":[{"href":"https:\/\/notinor.com\/jujuy\/wp-json\/wp\/v2\/posts\/265111"}],"collection":[{"href":"https:\/\/notinor.com\/jujuy\/wp-json\/wp\/v2\/posts"}],"about":[{"href":"https:\/\/notinor.com\/jujuy\/wp-json\/wp\/v2\/types\/post"}],"author":[{"embeddable":true,"href":"https:\/\/notinor.com\/jujuy\/wp-json\/wp\/v2\/users\/1"}],"replies":[{"embeddable":true,"href":"https:\/\/notinor.com\/jujuy\/wp-json\/wp\/v2\/comments?post=265111"}],"version-history":[{"count":1,"href":"https:\/\/notinor.com\/jujuy\/wp-json\/wp\/v2\/posts\/265111\/revisions"}],"predecessor-version":[{"id":265113,"href":"https:\/\/notinor.com\/jujuy\/wp-json\/wp\/v2\/posts\/265111\/revisions\/265113"}],"wp:featuredmedia":[{"embeddable":true,"href":"https:\/\/notinor.com\/jujuy\/wp-json\/wp\/v2\/media\/265112"}],"wp:attachment":[{"href":"https:\/\/notinor.com\/jujuy\/wp-json\/wp\/v2\/media?parent=265111"}],"wp:term":[{"taxonomy":"category","embeddable":true,"href":"https:\/\/notinor.com\/jujuy\/wp-json\/wp\/v2\/categories?post=265111"},{"taxonomy":"post_tag","embeddable":true,"href":"https:\/\/notinor.com\/jujuy\/wp-json\/wp\/v2\/tags?post=265111"}],"curies":[{"name":"wp","href":"https:\/\/api.w.org\/{rel}","templated":true}]}}