{"id":265107,"date":"2020-09-11T13:27:09","date_gmt":"2020-09-11T16:27:09","guid":{"rendered":"https:\/\/notinor.com\/jujuy\/?p=265107"},"modified":"2020-09-11T13:28:38","modified_gmt":"2020-09-11T16:28:38","slug":"inicio-el-juicio-por-el-asesinato-de-un-barra","status":"publish","type":"post","link":"https:\/\/notinor.com\/jujuy\/inicio-el-juicio-por-el-asesinato-de-un-barra\/","title":{"rendered":"Inici\u00f3 el juicio por el asesinato de un \"barra\""},"content":{"rendered":"\n<p>Pablo Mart\u00edn \"Tit\u00ed\" Gonz\u00e1lez fue asesinado con una piedra en el 2018, ayer comenz\u00f3 el juicio al acusado Rodrigo Emanuel Salinas, conocido como \"Roro\".<\/p>\n\n\n\n<figure class=\"wp-block-image size-large\"><img decoding=\"async\" loading=\"lazy\" width=\"840\" height=\"473\" src=\"https:\/\/notinor.com\/jujuy\/wp-content\/uploads\/2020\/09\/juicio-san-francisco-840x473.jpeg\" alt=\"\" class=\"wp-image-265108\" srcset=\"https:\/\/notinor.com\/jujuy\/wp-content\/uploads\/2020\/09\/juicio-san-francisco-840x473.jpeg 840w, https:\/\/notinor.com\/jujuy\/wp-content\/uploads\/2020\/09\/juicio-san-francisco-648x365.jpeg 648w, https:\/\/notinor.com\/jujuy\/wp-content\/uploads\/2020\/09\/juicio-san-francisco-768x432.jpeg 768w, https:\/\/notinor.com\/jujuy\/wp-content\/uploads\/2020\/09\/juicio-san-francisco-750x422.jpeg 750w, https:\/\/notinor.com\/jujuy\/wp-content\/uploads\/2020\/09\/juicio-san-francisco.jpeg 1032w\" sizes=\"(max-width: 840px) 100vw, 840px\" \/><\/figure>\n\n\n\n<p>El pasado jueves 10 de septiembre dio inicio el juicio oral y p\u00fablico a Rodrigo Emanuel Salinas, alias \u201cRoro\u201d, acusado como supuesto autor del delito de \u201cHomicidio Simple\u201d, hecho que provoc\u00f3 el fallecimiento de Pablo Mart\u00edn Gonz\u00e1lez. La audiencia se desarroll\u00f3 en la sala de audiencias del Tribunal en lo Criminal N\u00ba 3.<\/p>\n\n\n\n<p>En presencia de las juezas Mar\u00eda Margarita Nallar, presidente de tr\u00e1mite, y Alejandra Tolaba, habilitada, por secretar\u00eda del Tribunal se dio lectura a la acusaci\u00f3n de la Fiscal\u00eda contra Rodrigo Salinas, iniciando as\u00ed el debate.<\/p>\n\n\n\n<p><strong>Los hechos<\/strong> habr\u00edan ocurrido el 4 de noviembre del 2018, aproximadamente a las 22 horas, cuando la v\u00edctima, Pablo Mart\u00edn Gonz\u00e1lez, conocido como \"Tit\u00ed\", se encontraba caminando junto a dos amigos por calle B\u00e1rcena esquina Incahuasi, del Barrio San Francisco de \u00c1lava de San Salvador de Jujuy.<\/p>\n\n\n\n<p>En esas circunstancias, se inici\u00f3 una pelea por una disputa de barras entre el acusado y la v\u00edctima, en la cual Salinas habr\u00eda golpeado violentamente a Gonz\u00e1lez con una piedra en la cabeza. La acci\u00f3n habr\u00eda provocado la muerte de este \u00faltimo a ra\u00edz de un traumatismo enc\u00e9falo craneano grave.<\/p>\n\n\n\n<p>Posteriormente, el acusado se retir\u00f3 del lugar de los hechos con destino desconocido.<\/p>\n\n\n\n<p>Como fiscal se desempe\u00f1a el Dr. Alejandro Maldonado; el secretario del Tribunal es el Dr. Rodrigo Burgos; en tanto, el abogado defensor del imputado es el Dr. Federico Nicol\u00e1s Llermanos. En esta primera audiencia prestaron declaraci\u00f3n testimonial ocho personas<\/p>\n\n\n\n<p>Cabe resaltar que el proceso se realiz\u00f3 aplicando las medidas sanitarias y de seguridad establecidas en el protocolo de bioseguridad para el funcionamiento del Poder Judicial ante la pandemia de COVID-19.<\/p>\n","protected":false},"excerpt":{"rendered":"<p>Pablo Mart\u00edn \"Tit\u00ed\" Gonz\u00e1lez fue asesinado con una piedra en el 2018, ayer comenz\u00f3 el juicio al acusado Rodrigo Emanuel Salinas, conocido como \"Roro\". El pasado jueves 10 de septiembre dio inicio el juicio oral y p\u00fablico a Rodrigo Emanuel Salinas, alias \u201cRoro\u201d, acusado como supuesto autor del delito de \u201cHomicidio Simple\u201d, hecho que provoc\u00f3 [&hellip;]<\/p>\n","protected":false},"author":1,"featured_media":265108,"comment_status":"open","ping_status":"open","sticky":false,"template":"","format":"standard","meta":{"_stopmodifiedupdate":false,"_modified_date":"","inline_featured_image":false,"spay_email":"","jetpack_publicize_message":""},"categories":[3],"tags":[],"jetpack_featured_media_url":"https:\/\/notinor.com\/jujuy\/wp-content\/uploads\/2020\/09\/juicio-san-francisco.jpeg","jetpack_publicize_connections":[],"_links":{"self":[{"href":"https:\/\/notinor.com\/jujuy\/wp-json\/wp\/v2\/posts\/265107"}],"collection":[{"href":"https:\/\/notinor.com\/jujuy\/wp-json\/wp\/v2\/posts"}],"about":[{"href":"https:\/\/notinor.com\/jujuy\/wp-json\/wp\/v2\/types\/post"}],"author":[{"embeddable":true,"href":"https:\/\/notinor.com\/jujuy\/wp-json\/wp\/v2\/users\/1"}],"replies":[{"embeddable":true,"href":"https:\/\/notinor.com\/jujuy\/wp-json\/wp\/v2\/comments?post=265107"}],"version-history":[{"count":2,"href":"https:\/\/notinor.com\/jujuy\/wp-json\/wp\/v2\/posts\/265107\/revisions"}],"predecessor-version":[{"id":265110,"href":"https:\/\/notinor.com\/jujuy\/wp-json\/wp\/v2\/posts\/265107\/revisions\/265110"}],"wp:featuredmedia":[{"embeddable":true,"href":"https:\/\/notinor.com\/jujuy\/wp-json\/wp\/v2\/media\/265108"}],"wp:attachment":[{"href":"https:\/\/notinor.com\/jujuy\/wp-json\/wp\/v2\/media?parent=265107"}],"wp:term":[{"taxonomy":"category","embeddable":true,"href":"https:\/\/notinor.com\/jujuy\/wp-json\/wp\/v2\/categories?post=265107"},{"taxonomy":"post_tag","embeddable":true,"href":"https:\/\/notinor.com\/jujuy\/wp-json\/wp\/v2\/tags?post=265107"}],"curies":[{"name":"wp","href":"https:\/\/api.w.org\/{rel}","templated":true}]}}