{"id":265102,"date":"2020-09-11T13:02:34","date_gmt":"2020-09-11T16:02:34","guid":{"rendered":"https:\/\/notinor.com\/jujuy\/?p=265102"},"modified":"2020-09-11T13:03:53","modified_gmt":"2020-09-11T16:03:53","slug":"todo-listo-para-el-autocine-de-las-alturas","status":"publish","type":"post","link":"https:\/\/notinor.com\/jujuy\/todo-listo-para-el-autocine-de-las-alturas\/","title":{"rendered":"Todo listo para el Autocine de las Alturas"},"content":{"rendered":"\n<p>Se agotaron las entradas para las dos primeras funciones. 240 veh\u00edculos disfrutar\u00e1n de la programaci\u00f3n este fin de semana.<\/p>\n\n\n\n<figure class=\"wp-block-image size-large\"><img decoding=\"async\" loading=\"lazy\" width=\"720\" height=\"480\" src=\"https:\/\/notinor.com\/jujuy\/wp-content\/uploads\/2020\/09\/autocine-de-las-alturas3-720x480.jpg\" alt=\"\" class=\"wp-image-265104\" srcset=\"https:\/\/notinor.com\/jujuy\/wp-content\/uploads\/2020\/09\/autocine-de-las-alturas3-720x480.jpg 720w, https:\/\/notinor.com\/jujuy\/wp-content\/uploads\/2020\/09\/autocine-de-las-alturas3-547x365.jpg 547w, https:\/\/notinor.com\/jujuy\/wp-content\/uploads\/2020\/09\/autocine-de-las-alturas3-768x512.jpg 768w, https:\/\/notinor.com\/jujuy\/wp-content\/uploads\/2020\/09\/autocine-de-las-alturas3-750x500.jpg 750w, https:\/\/notinor.com\/jujuy\/wp-content\/uploads\/2020\/09\/autocine-de-las-alturas3.jpg 1024w\" sizes=\"(max-width: 720px) 100vw, 720px\" \/><\/figure>\n\n\n\n<p>El anuncio del Autocine de las Alturas gener\u00f3 gran expectativa en la comunidad juje\u00f1a que se vio ansiosa de disfrutar del novedoso evento. Tal fue la emoci\u00f3n que ya se agotaron las entradas para las dos primeras funciones: del s\u00e1bado 12 y domingo 13 de septiembre. Las mismas se habilitaron ayer y en menos de 24 horas se agotaron.<\/p>\n\n\n\n<p>Esta actividad est\u00e1 enmarcada dentro de la sexta edici\u00f3n del Festival Internacional del Cine de las Alturas, que se realiza anualmente en Jujuy. Este a\u00f1o, por la situaci\u00f3n sanitaria que azota al mundo, el festival se har\u00e1 de manera virtual con algunas excepciones para el autocine.<\/p>\n\n\n\n<p>Todas las funciones se desarrollar\u00e1n en el <strong>Aula Bosque Nativo \u201cProfesor Oscar Mar\u00edn\u201d (Punta del Parque San Martin) de San Salvador de Jujuy<\/strong>, <strong>a partir de las 21 horas.<\/strong> El predio tiene una capacidad para 120 veh\u00edculos, cada uno podr\u00e1 tener hasta 4 personas que disfrutar\u00e1n de manera gratuita de la programaci\u00f3n. <strong>El \u00fanico \u00abcosto\u00bb ser\u00e1 una donaci\u00f3n de elementos de limpieza y protecci\u00f3n personal para colaborar en el marco de la pandemia.<\/strong><\/p>\n\n\n\n<p><em><strong><a href=\"https:\/\/notinor.com\/jujuy\/el-sabado-sera-la-primera-funcion-del-autocine\/\">\u00bfC\u00f3mo participar del \u00abautocine\u00bb?<\/a><\/strong><\/em><\/p>\n\n\n\n<p>Ma\u00f1ana podr\u00e1n disfrutar del largometraje: <strong>\"El cuento de la comadreja\"<\/strong> dirigida por el reconocido Juan Jos\u00e9 Campanella. Mientras el domingo se proyectar\u00e1n dos cortometrajes: <strong>\"Dubicel\"<\/strong>, <strong>\"Quma y las bestias\"<\/strong>; y un largometraje: <strong>\"El Patalarga\" <\/strong>dirigida por Mercedes Moreira.<\/p>\n\n\n\n<p><strong>Las tres funciones restantes ser\u00e1n el viernes 18, s\u00e1bado 19 y domingo 20 de septiembre, y las entradas podr\u00e1n adquirirse desde este mi\u00e9rcoles 16.<\/strong><\/p>\n\n\n\n<figure class=\"wp-block-image size-large\"><img decoding=\"async\" src=\"https:\/\/somosjujuy-wordpress.s3.amazonaws.com\/wp-content\/uploads\/2020\/09\/11112059\/autocinee.jpg\" alt=\"\"\/><\/figure>\n","protected":false},"excerpt":{"rendered":"<p>Se agotaron las entradas para las dos primeras funciones. 240 veh\u00edculos disfrutar\u00e1n de la programaci\u00f3n este fin de semana. El anuncio del Autocine de las Alturas gener\u00f3 gran expectativa en la comunidad juje\u00f1a que se vio ansiosa de disfrutar del novedoso evento. Tal fue la emoci\u00f3n que ya se agotaron las entradas para las dos [&hellip;]<\/p>\n","protected":false},"author":1,"featured_media":265104,"comment_status":"open","ping_status":"open","sticky":false,"template":"","format":"standard","meta":{"_stopmodifiedupdate":false,"_modified_date":"","inline_featured_image":false,"spay_email":"","jetpack_publicize_message":""},"categories":[2],"tags":[],"jetpack_featured_media_url":"https:\/\/notinor.com\/jujuy\/wp-content\/uploads\/2020\/09\/autocine-de-las-alturas3.jpg","jetpack_publicize_connections":[],"_links":{"self":[{"href":"https:\/\/notinor.com\/jujuy\/wp-json\/wp\/v2\/posts\/265102"}],"collection":[{"href":"https:\/\/notinor.com\/jujuy\/wp-json\/wp\/v2\/posts"}],"about":[{"href":"https:\/\/notinor.com\/jujuy\/wp-json\/wp\/v2\/types\/post"}],"author":[{"embeddable":true,"href":"https:\/\/notinor.com\/jujuy\/wp-json\/wp\/v2\/users\/1"}],"replies":[{"embeddable":true,"href":"https:\/\/notinor.com\/jujuy\/wp-json\/wp\/v2\/comments?post=265102"}],"version-history":[{"count":2,"href":"https:\/\/notinor.com\/jujuy\/wp-json\/wp\/v2\/posts\/265102\/revisions"}],"predecessor-version":[{"id":265106,"href":"https:\/\/notinor.com\/jujuy\/wp-json\/wp\/v2\/posts\/265102\/revisions\/265106"}],"wp:featuredmedia":[{"embeddable":true,"href":"https:\/\/notinor.com\/jujuy\/wp-json\/wp\/v2\/media\/265104"}],"wp:attachment":[{"href":"https:\/\/notinor.com\/jujuy\/wp-json\/wp\/v2\/media?parent=265102"}],"wp:term":[{"taxonomy":"category","embeddable":true,"href":"https:\/\/notinor.com\/jujuy\/wp-json\/wp\/v2\/categories?post=265102"},{"taxonomy":"post_tag","embeddable":true,"href":"https:\/\/notinor.com\/jujuy\/wp-json\/wp\/v2\/tags?post=265102"}],"curies":[{"name":"wp","href":"https:\/\/api.w.org\/{rel}","templated":true}]}}