{"id":265090,"date":"2020-09-11T11:45:52","date_gmt":"2020-09-11T14:45:52","guid":{"rendered":"https:\/\/notinor.com\/jujuy\/?p=265090"},"modified":"2020-09-11T11:45:56","modified_gmt":"2020-09-11T14:45:56","slug":"horacio-rodriguez-larreta-solicito-una-medida-cautelar-para-impedir-la-quita-de-fondos-de-la-ciudad","status":"publish","type":"post","link":"https:\/\/notinor.com\/jujuy\/horacio-rodriguez-larreta-solicito-una-medida-cautelar-para-impedir-la-quita-de-fondos-de-la-ciudad\/","title":{"rendered":"Horacio Rodr\u00edguez Larreta solicit\u00f3 una medida cautelar para impedir la quita de fondos de la Ciudad"},"content":{"rendered":"\n<p>El jefe de Gobierno porte\u00f1o firm\u00f3 un decreto despu\u00e9s de anunciar que recurrir\u00eda a la Corte Suprema tras la decisi\u00f3n del presidente Alberto Fern\u00e1ndez.<\/p>\n\n\n\n<figure class=\"wp-block-image size-large\"><img decoding=\"async\" loading=\"lazy\" width=\"833\" height=\"449\" src=\"https:\/\/notinor.com\/jujuy\/wp-content\/uploads\/2020\/09\/Horacio-Rodr\u00edguez-Larreta.jpg\" alt=\"\" class=\"wp-image-265091\" srcset=\"https:\/\/notinor.com\/jujuy\/wp-content\/uploads\/2020\/09\/Horacio-Rodr\u00edguez-Larreta.jpg 833w, https:\/\/notinor.com\/jujuy\/wp-content\/uploads\/2020\/09\/Horacio-Rodr\u00edguez-Larreta-660x356.jpg 660w, https:\/\/notinor.com\/jujuy\/wp-content\/uploads\/2020\/09\/Horacio-Rodr\u00edguez-Larreta-768x414.jpg 768w, https:\/\/notinor.com\/jujuy\/wp-content\/uploads\/2020\/09\/Horacio-Rodr\u00edguez-Larreta-750x404.jpg 750w\" sizes=\"(max-width: 833px) 100vw, 833px\" \/><\/figure>\n\n\n\n<p>Horacio Rodr\u00edguez Larreta anunci\u00f3 en la ma\u00f1ana de este viernes que presentar\u00e1 medida una cautelar para que la Corte Suprema de Justicia suspenda provisoriamente el DNU que impuls\u00f3 Alberto Fern\u00e1ndez por la quita de fondos.<\/p>\n\n\n\n<p>El jefe de Gobierno porte\u00f1o firm\u00f3 un decreto que invita \u201ca promover la acci\u00f3n judicial que corresponda contra el Estado Nacional, a los fines de que se declare la nulidad e inconstitucionalidad del Decreto del Poder Ejecutivo Nacional n\u00famero 735\/20\u201d.<\/p>\n\n\n\n<p>De esta manera, desde el Gobierno de la Ciudad de Buenos Aires buscar\u00e1n que \u201cse recomponga la integralidad de los fondos del Tesoro Local que dejen de ingresar en el futuro por aplicaci\u00f3n del Decreto cuestionado, m\u00e1s los intereses legales devengados\u201d.<\/p>\n\n\n\n<p>El decreto cuenta con las firmas de Horacio Rodr\u00edguez Larreta, el ministro de Hacienda y Finanzas, Mart\u00edn Mura, y el jefe de Gabinete, Felipe Miguel.<\/p>\n\n\n\n<p>Recordemos que la m\u00e1xima autoridad de la Ciudad hab\u00eda considerado que la medida adoptada por el Presidente de la Naci\u00f3n era \u201cinconstitucional, improvisada, intempestiva e inconsulta\u201d.<\/p>\n\n\n\n<p>\u201cTodo mi vida eleg\u00ed el camino del di\u00e1logo, y m\u00e1s en una situaci\u00f3n de pandemia como \u00e9sta. Dej\u00e9 de lado las diferencias pol\u00edticas. Lamentablemente, lo que vivimos ayer es lo contrario al di\u00e1logo, lo que yo creo que la Argentina necesita. Para resolver el problema de la inseguridad de la provincia de Buenos Aires, se eligi\u00f3 la divisi\u00f3n\u201d, dijo al respecto.<\/p>\n\n\n\n<p>Y sentenci\u00f3: \u201cSi lo que queremos es unir a los argentinos es inadmisible, es contradictorio, que una medida de tal envergadura se tome unilateralmente afectado los recursos de una sola provincia\u201d.<\/p>\n","protected":false},"excerpt":{"rendered":"<p>El jefe de Gobierno porte\u00f1o firm\u00f3 un decreto despu\u00e9s de anunciar que recurrir\u00eda a la Corte Suprema tras la decisi\u00f3n del presidente Alberto Fern\u00e1ndez. Horacio Rodr\u00edguez Larreta anunci\u00f3 en la ma\u00f1ana de este viernes que presentar\u00e1 medida una cautelar para que la Corte Suprema de Justicia suspenda provisoriamente el DNU que impuls\u00f3 Alberto Fern\u00e1ndez por [&hellip;]<\/p>\n","protected":false},"author":5,"featured_media":265091,"comment_status":"open","ping_status":"open","sticky":false,"template":"","format":"standard","meta":{"_stopmodifiedupdate":false,"_modified_date":"","inline_featured_image":false,"spay_email":"","jetpack_publicize_message":""},"categories":[5],"tags":[],"jetpack_featured_media_url":"https:\/\/notinor.com\/jujuy\/wp-content\/uploads\/2020\/09\/Horacio-Rodr\u00edguez-Larreta.jpg","jetpack_publicize_connections":[],"_links":{"self":[{"href":"https:\/\/notinor.com\/jujuy\/wp-json\/wp\/v2\/posts\/265090"}],"collection":[{"href":"https:\/\/notinor.com\/jujuy\/wp-json\/wp\/v2\/posts"}],"about":[{"href":"https:\/\/notinor.com\/jujuy\/wp-json\/wp\/v2\/types\/post"}],"author":[{"embeddable":true,"href":"https:\/\/notinor.com\/jujuy\/wp-json\/wp\/v2\/users\/5"}],"replies":[{"embeddable":true,"href":"https:\/\/notinor.com\/jujuy\/wp-json\/wp\/v2\/comments?post=265090"}],"version-history":[{"count":1,"href":"https:\/\/notinor.com\/jujuy\/wp-json\/wp\/v2\/posts\/265090\/revisions"}],"predecessor-version":[{"id":265092,"href":"https:\/\/notinor.com\/jujuy\/wp-json\/wp\/v2\/posts\/265090\/revisions\/265092"}],"wp:featuredmedia":[{"embeddable":true,"href":"https:\/\/notinor.com\/jujuy\/wp-json\/wp\/v2\/media\/265091"}],"wp:attachment":[{"href":"https:\/\/notinor.com\/jujuy\/wp-json\/wp\/v2\/media?parent=265090"}],"wp:term":[{"taxonomy":"category","embeddable":true,"href":"https:\/\/notinor.com\/jujuy\/wp-json\/wp\/v2\/categories?post=265090"},{"taxonomy":"post_tag","embeddable":true,"href":"https:\/\/notinor.com\/jujuy\/wp-json\/wp\/v2\/tags?post=265090"}],"curies":[{"name":"wp","href":"https:\/\/api.w.org\/{rel}","templated":true}]}}