{"id":265085,"date":"2020-09-11T11:39:45","date_gmt":"2020-09-11T14:39:45","guid":{"rendered":"https:\/\/notinor.com\/jujuy\/?p=265085"},"modified":"2020-09-11T11:39:49","modified_gmt":"2020-09-11T14:39:49","slug":"una-tribu-asesino-de-un-flechazo-a-un-funcionario-brasileno-en-el-amazonas-era-un-defensor-de-la-causa-indigena","status":"publish","type":"post","link":"https:\/\/notinor.com\/jujuy\/una-tribu-asesino-de-un-flechazo-a-un-funcionario-brasileno-en-el-amazonas-era-un-defensor-de-la-causa-indigena\/","title":{"rendered":"Una tribu asesin\u00f3 de un flechazo a un funcionario brasile\u00f1o en el Amazonas: era un defensor de la causa ind\u00edgena"},"content":{"rendered":"\n<p>Rieli Franciscato, de 56 a\u00f1os, hab\u00eda realizado su carrera en la Fundaci\u00f3n Nacional del Indio. La muerte ocurre en momentos en que los pueblos abor\u00edgenes de Brasil est\u00e1n bajo una creciente amenaza de invasiones de usurpadores de tierras, taladores y mineros de oro<\/p>\n\n\n\n<figure class=\"wp-block-image size-large\"><img decoding=\"async\" loading=\"lazy\" width=\"750\" height=\"460\" src=\"https:\/\/notinor.com\/jujuy\/wp-content\/uploads\/2020\/09\/FUNCIONARIO.jpg\" alt=\"\" class=\"wp-image-265087\" srcset=\"https:\/\/notinor.com\/jujuy\/wp-content\/uploads\/2020\/09\/FUNCIONARIO.jpg 750w, https:\/\/notinor.com\/jujuy\/wp-content\/uploads\/2020\/09\/FUNCIONARIO-595x365.jpg 595w\" sizes=\"(max-width: 750px) 100vw, 750px\" \/><\/figure>\n\n\n\n<p>Un reconocido indigenista brasile\u00f1o muri\u00f3 al ser alcanzado por una flecha aparentemente disparada por una tribu aislada de la selva amaz\u00f3nica, informaron el jueves funcionarios y un periodista de la regi\u00f3n.<\/p>\n\n\n\n<p>Rieli Franciscato, de 56 a\u00f1os, director de un programa de protecci\u00f3n de grupos ind\u00edgenas no contactados, falleci\u00f3 el mi\u00e9rcoles en la regi\u00f3n de Seringueiras, un municipio del estado norte\u00f1o de Rondonia, precis\u00f3 en un comunicado la estatal Fundaci\u00f3n Nacional del Indio (Funai), donde trabajaba.<\/p>\n\n\n\n<p>La Funai no detall\u00f3 las circunstancias de su muerte. Pero testigos reportaron que Rieli estaba investigando, junto con una patrulla de polic\u00edas locales, la reaparici\u00f3n en el \u00e1rea de una tribu conocida como \u201cgrupo aislado del r\u00edo Cautario\u201d, indic\u00f3 el fotoperiodista Gabriel Uchida.<\/p>\n\n\n\n<p>El grupo fue atacado y se refugi\u00f3 detr\u00e1s de un veh\u00edculo, pero, seg\u00fan los testigos, Rieli fue alcanzado por un flechazo en el pecho. Fue trasladado al hospital m\u00e1s cercano, pero sucumbi\u00f3 a la herida. El funcionario era conocido por su trabajo de protecci\u00f3n de las comunidades ind\u00edgenas aisladas, que rehusan contactos con el exterior.<\/p>\n\n\n\n<p>La tribu a la que se atribuye el ataque \u201ces conocida como un grupo pac\u00edfico\u201d, explic\u00f3 Uchida a la AFP en un correo electr\u00f3nico.<\/p>\n\n\n\n<p>&nbsp;\u201cLa \u00faltima vez que aparecieron en la regi\u00f3n fue en junio (...). Era un grupo m\u00e1s grande, muy pac\u00edfico. Incluso dejaron regalos en una casa\u201d, refiri\u00f3. \u201cEsta vez, solo hab\u00eda cinco hombres armados, un grupo de guerra. Eso significa que algo debe haber sucedido para que buscaran \u2018venganza\u2019\u201d, agreg\u00f3.<\/p>\n\n\n\n<p>Estos grupos han reaccionado en ocasiones con violencia contra mineros ilegales o cazadores furtivos que invaden sus tierras. Uchida dijo que hubo algunos informes de esas actividades en la regi\u00f3n.<\/p>\n\n\n\n<p>Los primeros contactos de las tribus aisladas fueron a menudo desastrosos para estas en el pasado, empa\u00f1ados por la violencia, los devastadores brotes de enfermedades y el colapso de sus estructuras sociales.<\/p>\n\n\n\n<p>Rieli era el coordinador de una operaci\u00f3n de la FUNAI denominada Frente de Protecci\u00f3n Etnoambiental Uru Eu Wau Wau, cuya misi\u00f3n es proteger a los grupos no contactados.<\/p>\n\n\n\n<p>La Amazon\u00eda brasile\u00f1a es hogar de al menos 100 tribus aisladas, m\u00e1s que en cualquier otro lugar del mundo, seg\u00fan la ONG indigenista Survival International.<\/p>\n\n\n\n<p>\u201cRieli dedic\u00f3 su vida a la causa ind\u00edgena. Con m\u00e1s de tres d\u00e9cadas de servicio, deja un inmenso legado para la protecci\u00f3n de estos pueblos\u201d, dijo Ricardo Lopes Dias, coordinador de cuestiones relacionadas con Ind\u00edgenas Aislados y de Reciente Contacto de la FUNAI.<\/p>\n","protected":false},"excerpt":{"rendered":"<p>Rieli Franciscato, de 56 a\u00f1os, hab\u00eda realizado su carrera en la Fundaci\u00f3n Nacional del Indio. La muerte ocurre en momentos en que los pueblos abor\u00edgenes de Brasil est\u00e1n bajo una creciente amenaza de invasiones de usurpadores de tierras, taladores y mineros de oro Un reconocido indigenista brasile\u00f1o muri\u00f3 al ser alcanzado por una flecha aparentemente [&hellip;]<\/p>\n","protected":false},"author":5,"featured_media":265087,"comment_status":"open","ping_status":"open","sticky":false,"template":"","format":"standard","meta":{"_stopmodifiedupdate":false,"_modified_date":"","inline_featured_image":false,"spay_email":"","jetpack_publicize_message":""},"categories":[6],"tags":[],"jetpack_featured_media_url":"https:\/\/notinor.com\/jujuy\/wp-content\/uploads\/2020\/09\/FUNCIONARIO.jpg","jetpack_publicize_connections":[],"_links":{"self":[{"href":"https:\/\/notinor.com\/jujuy\/wp-json\/wp\/v2\/posts\/265085"}],"collection":[{"href":"https:\/\/notinor.com\/jujuy\/wp-json\/wp\/v2\/posts"}],"about":[{"href":"https:\/\/notinor.com\/jujuy\/wp-json\/wp\/v2\/types\/post"}],"author":[{"embeddable":true,"href":"https:\/\/notinor.com\/jujuy\/wp-json\/wp\/v2\/users\/5"}],"replies":[{"embeddable":true,"href":"https:\/\/notinor.com\/jujuy\/wp-json\/wp\/v2\/comments?post=265085"}],"version-history":[{"count":1,"href":"https:\/\/notinor.com\/jujuy\/wp-json\/wp\/v2\/posts\/265085\/revisions"}],"predecessor-version":[{"id":265088,"href":"https:\/\/notinor.com\/jujuy\/wp-json\/wp\/v2\/posts\/265085\/revisions\/265088"}],"wp:featuredmedia":[{"embeddable":true,"href":"https:\/\/notinor.com\/jujuy\/wp-json\/wp\/v2\/media\/265087"}],"wp:attachment":[{"href":"https:\/\/notinor.com\/jujuy\/wp-json\/wp\/v2\/media?parent=265085"}],"wp:term":[{"taxonomy":"category","embeddable":true,"href":"https:\/\/notinor.com\/jujuy\/wp-json\/wp\/v2\/categories?post=265085"},{"taxonomy":"post_tag","embeddable":true,"href":"https:\/\/notinor.com\/jujuy\/wp-json\/wp\/v2\/tags?post=265085"}],"curies":[{"name":"wp","href":"https:\/\/api.w.org\/{rel}","templated":true}]}}