{"id":265077,"date":"2020-09-11T11:41:49","date_gmt":"2020-09-11T14:41:49","guid":{"rendered":"https:\/\/notinor.com\/jujuy\/?p=265077"},"modified":"2020-09-11T11:41:53","modified_gmt":"2020-09-11T14:41:53","slug":"el-gobierno-de-kicillof-recibira-el-25-de-los-recursos-para-provincias","status":"publish","type":"post","link":"https:\/\/notinor.com\/jujuy\/el-gobierno-de-kicillof-recibira-el-25-de-los-recursos-para-provincias\/","title":{"rendered":"El gobierno de Kicillof recibir\u00e1 el 25% de los recursos para provincias"},"content":{"rendered":"\n<p>Es luego del cambio en la distribuci\u00f3n anunciado este mi\u00e9rcoles, para financiar el aumento a la Polic\u00eda Bonaerense.<\/p>\n\n\n\n<figure class=\"wp-block-image size-large\"><img decoding=\"async\" loading=\"lazy\" width=\"701\" height=\"480\" src=\"https:\/\/notinor.com\/jujuy\/wp-content\/uploads\/2020\/09\/alberto-fernandezy-kicillof-701x480.jpg\" alt=\"\" class=\"wp-image-265084\" srcset=\"https:\/\/notinor.com\/jujuy\/wp-content\/uploads\/2020\/09\/alberto-fernandezy-kicillof-701x480.jpg 701w, https:\/\/notinor.com\/jujuy\/wp-content\/uploads\/2020\/09\/alberto-fernandezy-kicillof-533x365.jpg 533w, https:\/\/notinor.com\/jujuy\/wp-content\/uploads\/2020\/09\/alberto-fernandezy-kicillof.jpg 730w\" sizes=\"(max-width: 701px) 100vw, 701px\" \/><\/figure>\n\n\n\n<p>El pasado mi\u00e9rcoles 9 de septiembre, el presidente Alberto Fern\u00e1ndez anunci\u00f3 el <strong>cambio en el \u00edndice de coparticipaci\u00f3n <\/strong>para la Ciudad Aut\u00f3noma de Buenos Aires a favor del territorio bonaerense, gobernado por <strong>Axel Kicillof<\/strong>, <strong>que recibir\u00e1 cerca del 27% de los recursos que el gobierno nacional\u00a0gira a las\u00a0provincias\u00a0en concepto de\u00a0transferencias autom\u00e1ticas y discrecionales.<\/strong><\/p>\n\n\n\n<p>De acuerdo a c\u00e1lculos privados, el gobernador bonaerense tendr\u00e1 a disposici\u00f3n unos\u00a0<strong>$12.000 millones hasta fin de a\u00f1o<\/strong>\u00a0producto de la reasignaci\u00f3n de fondos, en tanto que para 2021\u00a0<strong>se proyectan unos $4.000 millones m\u00e1s por mes<\/strong>\u00a0para hacer frente al aumento de salarios en la polic\u00eda.<\/p>\n\n\n\n<p>Entre enero y julio, el Tesoro\u00a0<strong>gir\u00f3 a La Plata casi $100.000 millones<\/strong>, principalmente en concepto de asistencia financiera, por fuera de la coparticipaci\u00f3n federal de\u00a0impuestos. Esto implic\u00f3 un\u00a0<strong>incremento en estas partidas de 660%<\/strong>\u00a0en comparaci\u00f3n al mismo per\u00edodo del a\u00f1o anterior, convirti\u00e9ndose as\u00ed por lejos en la\u00a0<strong>jurisdicci\u00f3n m\u00e1s favorecida por esta v\u00eda<\/strong>, dado que el resto de los 23 distritos sumaron una cifra similar, pero en su conjunto.<\/p>\n\n\n\n<p>Las cifras fueron estimadas por\u00a0la consultora Aerarium, que calcul\u00f3 que a la misma altura del a\u00f1o pasado\u00a0Buenos Aires\u00a0se hab\u00eda quedado<strong>\u00a0solamente con el 20% de estas transferencias<\/strong>.<\/p>\n\n\n\n<p>Lo concreto es que si a esa cifra se suman los $254 mil millones recibidos en concepto de coparticipaci\u00f3n (transferencias autom\u00e1ticas),\u00a0<strong>el coeficiente \u201cajustado\u201d para la provincia queda en un 26,4%<\/strong>\u00a0en relaci\u00f3n a la masa de recursos que la Naci\u00f3n reparte entre los distritos, estim\u00f3 Aerarium. A eso ahora se le sumar\u00e1\u00a0<strong>un punto m\u00e1s<\/strong>\u00a0que provendr\u00e1 de la Ciudad, acerc\u00e1ndose as\u00ed al \u00edndice hist\u00f3rico de la provincia que\u00a0<strong>Alberto Fern\u00e1ndez intent\u00f3 reivindicar<\/strong>\u00a0con el anuncio de este mi\u00e9rcoles.<\/p>\n\n\n\n<p>En tanto, el porcentaje para la Capital\u00a0<strong>se reducir\u00e1 un punto porcentual<\/strong>\u00a0en relaci\u00f3n al 3,5% actual. A diferencia de lo que ocurre con las\u00a0provincias, en la Ciudad el coeficiente se aplica sobre el total de lo recaudado en\u00a0impuestos\u00a0coparticipables, al igual que lo que ocurre con Tierra del Fuego, que se lleva el 0,7%. Antes del 2016, la proporci\u00f3n era del 1,4%, pero\u00a0<strong>Mauricio Macri lo llev\u00f3 a 3,75%<\/strong> aludiendo cubrir el traspaso de la polic\u00eda local. Finalmente,\u00a0<strong>con el consenso fiscal de fin de 2017 se redujo al 3,5%.<\/strong><\/p>\n\n\n\n<p>Es decir que ese incremento implic\u00f3 una\u00a0<strong>mayor transferencia por parte de la Naci\u00f3n<\/strong>, que no modific\u00f3 lo recibido por el resto de las\u00a0provincias.<\/p>\n\n\n\n<p>Medido en t\u00e9rminos de la distribuci\u00f3n secundaria,\u00a0<strong>a la Ciudad le corresponde un 5%<\/strong>\u00a0de los tributos que se reparten entre la Naci\u00f3n y las\u00a0provincias\u00a0de acuerdo a los coeficientes establecidos en la ley 23.548, y que\u00a0<strong>ahora se ver\u00e1 reducido a un 4%<\/strong>\u00a0cuando se reasignen los fondos en favor de\u00a0Buenos Aires.<\/p>\n\n\n\n<p>En ese sentido, desde Aerarium estimaron que\u00a0<strong>la Capital perder\u00e1 $12.000 millones<\/strong>\u00a0en lo que queda del a\u00f1o, que a partir de 2021 ascender\u00e1n a unos\u00a0<strong>$4.000 millones por mes<\/strong>, suficientes para incrementar en $43.000 el salario de los 90.000 polic\u00edas bonaerenses.<\/p>\n\n\n\n<p><em>Fuente: Bae Negocios.<\/em><\/p>\n","protected":false},"excerpt":{"rendered":"<p>Es luego del cambio en la distribuci\u00f3n anunciado este mi\u00e9rcoles, para financiar el aumento a la Polic\u00eda Bonaerense. El pasado mi\u00e9rcoles 9 de septiembre, el presidente Alberto Fern\u00e1ndez anunci\u00f3 el cambio en el \u00edndice de coparticipaci\u00f3n para la Ciudad Aut\u00f3noma de Buenos Aires a favor del territorio bonaerense, gobernado por Axel Kicillof, que recibir\u00e1 cerca [&hellip;]<\/p>\n","protected":false},"author":1,"featured_media":265084,"comment_status":"open","ping_status":"open","sticky":false,"template":"","format":"standard","meta":{"_stopmodifiedupdate":false,"_modified_date":"","inline_featured_image":false,"spay_email":"","jetpack_publicize_message":""},"categories":[676],"tags":[],"jetpack_featured_media_url":"https:\/\/notinor.com\/jujuy\/wp-content\/uploads\/2020\/09\/alberto-fernandezy-kicillof.jpg","jetpack_publicize_connections":[],"_links":{"self":[{"href":"https:\/\/notinor.com\/jujuy\/wp-json\/wp\/v2\/posts\/265077"}],"collection":[{"href":"https:\/\/notinor.com\/jujuy\/wp-json\/wp\/v2\/posts"}],"about":[{"href":"https:\/\/notinor.com\/jujuy\/wp-json\/wp\/v2\/types\/post"}],"author":[{"embeddable":true,"href":"https:\/\/notinor.com\/jujuy\/wp-json\/wp\/v2\/users\/1"}],"replies":[{"embeddable":true,"href":"https:\/\/notinor.com\/jujuy\/wp-json\/wp\/v2\/comments?post=265077"}],"version-history":[{"count":1,"href":"https:\/\/notinor.com\/jujuy\/wp-json\/wp\/v2\/posts\/265077\/revisions"}],"predecessor-version":[{"id":265089,"href":"https:\/\/notinor.com\/jujuy\/wp-json\/wp\/v2\/posts\/265077\/revisions\/265089"}],"wp:featuredmedia":[{"embeddable":true,"href":"https:\/\/notinor.com\/jujuy\/wp-json\/wp\/v2\/media\/265084"}],"wp:attachment":[{"href":"https:\/\/notinor.com\/jujuy\/wp-json\/wp\/v2\/media?parent=265077"}],"wp:term":[{"taxonomy":"category","embeddable":true,"href":"https:\/\/notinor.com\/jujuy\/wp-json\/wp\/v2\/categories?post=265077"},{"taxonomy":"post_tag","embeddable":true,"href":"https:\/\/notinor.com\/jujuy\/wp-json\/wp\/v2\/tags?post=265077"}],"curies":[{"name":"wp","href":"https:\/\/api.w.org\/{rel}","templated":true}]}}