{"id":265001,"date":"2020-09-11T13:16:00","date_gmt":"2020-09-11T16:16:00","guid":{"rendered":"https:\/\/notinor.com\/jujuy\/?p=265001"},"modified":"2020-09-11T03:19:07","modified_gmt":"2020-09-11T06:19:07","slug":"elvis-presley-ayrton-senna-carlos-menem-diego-maradona-todas-las-biopics-que-se-vienen","status":"publish","type":"post","link":"https:\/\/notinor.com\/jujuy\/elvis-presley-ayrton-senna-carlos-menem-diego-maradona-todas-las-biopics-que-se-vienen\/","title":{"rendered":"Elvis Presley, Ayrton Senna, Carlos Menem, Diego Maradona: todas las biopics que se vienen"},"content":{"rendered":"\n<p>Es el g\u00e9nero de moda tanto en el mundo de las series como en el cine. El anuncio de la ficci\u00f3n que recorrer\u00e1 la vida del ex presidente argentino vino a ratificar que las biograf\u00edas llegaron para quedarse<\/p>\n\n\n\n<div class=\"wp-block-image\"><figure class=\"aligncenter is-resized\"><img decoding=\"async\" loading=\"lazy\" src=\"https:\/\/www.infobae.com\/new-resizer\/Lg6xr8nrILBA1wF3Nnyu30UrDF8=\/420x236\/filters:format(jpg):quality(85)\/\/cloudfront-us-east-1.images.arcpublishing.com\/infobae\/VLTDM2H43FFKPNVU7WBJMU55LI.jpg\" alt=\"Carlos Menem, Gilda, Diego Mardona, Aretha Franklin, Elvis, Ayrton Senna\" width=\"598\" height=\"336\"\/><\/figure><\/div>\n\n\n\n<p>A Hollywood siempre le gust\u00f3 contar historias de personajes reales. Algunas de ellas fueron llevadas al cine con mega producciones que arrasaron en las entregas de premios como fue el caso de&nbsp;<em><strong>Gandhi<\/strong><\/em>&nbsp;o de&nbsp;<em><strong>Amadeus&nbsp;<\/strong><\/em>(Mozart) all\u00e1 por la d\u00e9cada del 80. Pero la explosi\u00f3n de las series en esta nueva era dorada, gener\u00f3 la necesidad de mostrar biograf\u00edas de manera epis\u00f3dica. As\u00ed lleg\u00f3 a Argentina la serie sobre&nbsp;<strong>Carlos Monz\u00f3n<\/strong>,&nbsp;<em><strong>Historia de un clan<\/strong><\/em>&nbsp;(sobre la familia&nbsp;<strong>Puccio<\/strong>),&nbsp;<strong>Sandro<\/strong>&nbsp;y la m\u00e1s reciente&nbsp;<em><strong>Apache<\/strong><\/em>, sobre la vida de&nbsp;<strong>Carlos Tevez<\/strong>. A la espera de la serie sobre Carlos Menem y la de Diego Maradona, varias producciones est\u00e1n esperando la luz verde para estrenarse y llegar a las salas de cine o las plataformas de streaming.<\/p>\n\n\n\n<p><mark><strong>Ayrton Senna<\/strong><\/mark><img decoding=\"async\" loading=\"lazy\" alt=\"Ayrton Senna (Shutterstock)\" height=\"1396\" src=\"https:\/\/www.infobae.com\/new-resizer\/BJGak_ZruagB4w5sA6wf5Ii04so=\/420x315\/filters:format(jpg):quality(85)\/\/cloudfront-us-east-1.images.arcpublishing.com\/infobae\/HG7QXRBEYVGPZGKX42PX6VIPUA.jpg\" width=\"1920\">Ayrton Senna (Shutterstock)<\/p>\n\n\n\n<p>El tricampe\u00f3n de la F1, el brasile\u00f1o&nbsp;<strong>Ayrton Senna<\/strong>&nbsp;tendr\u00e1 su serie de 8 episodios en Netflix. La historia que vamos a ver en esta ficci\u00f3n ya fue aprobada por la familia del piloto y ser\u00e1 grabada en portugu\u00e9s y en ingl\u00e9s. Fallecido en mayo de 1994 con apenas 34 a\u00f1os mientras participaba de una carrera por el Gran Premio de San Marino, Ayrton tuvo una vida digna de llevar a la pantalla. Levant\u00f3 la copa de campe\u00f3n mundial en 1988,1990 y 1991 y tuvo 41 victorias a lo largo de su carrera y tuvo un romance apasionado con la conductora&nbsp;<strong>Xuxa<\/strong>. A\u00fan sin elenco definido, el proyecto marcha viento en popa y se ver\u00e1 reci\u00e9n en 2022.<\/p>\n\n\n\n<p><mark><strong>Gilda<\/strong><\/mark><img decoding=\"async\" loading=\"lazy\" alt=\"Gilda muri\u00f3 el 7 de septiembre de 1996 en un accidente automovil\u00edstico\" height=\"1080\" src=\"https:\/\/www.infobae.com\/new-resizer\/gOYVwNcygfvFWra2K514pnIUtVY=\/420x236\/filters:format(jpg):quality(85)\/\/cloudfront-us-east-1.images.arcpublishing.com\/infobae\/T73Y2FTW4FE7BOQPEAOFQQ3J6Q.jpg\" width=\"1920\">Gilda muri\u00f3 el 7 de septiembre de 1996 en un accidente automovil\u00edstico<\/p>\n\n\n\n<p>Luego del \u00e9xito de la biopic protagonizada por&nbsp;<strong>Natalia Oreiro<\/strong>, se anunci\u00f3 hace dos a\u00f1os la versi\u00f3n en serie de la vida de la cantante de cumbia,&nbsp;<strong>Gilda<\/strong>. Bajo el nombre de&nbsp;<em><strong>Yo soy Gilda: amar es un milagro<\/strong><\/em>, la actriz&nbsp;<strong>Brenda Asnicar<\/strong>&nbsp;(<em>Patito feo<\/em>) se pondr\u00e1 en la piel de la artista que muri\u00f3 tr\u00e1gicamente en un accidente automovil\u00edstico a los 34 a\u00f1os. La serie que iba a emitirse en 2019 por Netflix todav\u00eda no fue estrenada mientras los fans aguardan su llegada.<\/p>\n\n\n\n<p><mark><strong>Madame Curie<\/strong><\/mark><img decoding=\"async\" loading=\"lazy\" alt=\"Marie Curie (Cr\u00e9dito: Shutterstock)\" height=\"2556\" src=\"https:\/\/www.infobae.com\/new-resizer\/ToU9ffJiA5EZyVlwpfp6eMw9_Fk=\/420x560\/filters:format(jpg):quality(85)\/\/cloudfront-us-east-1.images.arcpublishing.com\/infobae\/IQKLUYTV2BDWBGHS2OE3BA747Y.jpg\" width=\"1920\">Marie Curie (Cr\u00e9dito: Shutterstock)<\/p>\n\n\n\n<p>La vida de la cient\u00edfica polaca&nbsp;<strong>Madame Curie<\/strong>, ganadora de dos premios Nobel (en f\u00edsica y qu\u00edmica) se podr\u00e1 ver en Radioactive. Interpretada por la inglesa&nbsp;<strong>Rosamund Pike<\/strong>, la biograf\u00eda de esta notable mujer recorrer\u00e1 los inicios de su carrera, su llegada a la Universidad de Par\u00eds (donde se convirti\u00f3 en la primera profesora mujer) hasta la gloria m\u00e1xima de la premiaci\u00f3n. Una biopic que llega en plena \u00e9poca de empoderamiento fenemino en el marco de los reclamos del #TimesUp.<\/p>\n\n\n\n<p><mark><strong>Diego Maradona<\/strong><\/mark><img decoding=\"async\" loading=\"lazy\" alt=\"Diego Maradona en el N\u00e1poli (Cr\u00e9dito: Shutterstock)\n\" height=\"1080\" src=\"https:\/\/www.infobae.com\/new-resizer\/FrbFO_qtakzJ_PcHMmkTkyaJLEY=\/420x236\/filters:format(jpg):quality(85)\/\/cloudfront-us-east-1.images.arcpublishing.com\/infobae\/FAMRTIYSMBBH7ADZUDUPLOUMYA.jpg\" width=\"1920\">Diego Maradona en el N\u00e1poli (Cr\u00e9dito: Shutterstock)<\/p>\n\n\n\n<p>La plataforma Amazon Prime es la encargada de estrenar la serie&nbsp;<em><strong>Maradona, sue\u00f1o bendito<\/strong><\/em>&nbsp;sobre el astro del f\u00fatbol argentino. Envuelta en medio de muchas pol\u00e9micas antes de su estreno, esta producci\u00f3n recorrer\u00e1 las cuatro d\u00e9cadas m\u00e1s populares de Diego. En su piel veremos a&nbsp;<strong>Nicol\u00e1s Goldschmidt, Nazareno Casero<\/strong>&nbsp;y&nbsp;<strong>Juan Palomino<\/strong>&nbsp;en las diferentes etapas de su vida.&nbsp;<strong>Pepe Monje, Mercedes Mor\u00e1n, Julieta Cardinali, Laura Esquivel, Peter Lanzani<\/strong>&nbsp;y&nbsp;<strong>Gabriel Schultz<\/strong>&nbsp;son algunos de los actores que veremos en esta biopic que seguramente impactar\u00e1 en todo el mundo y que se espera con mucha ansiedad por el p\u00fablico argentino.<\/p>\n\n\n\n<p><mark><strong>Aretha Franklin<\/strong><\/mark><img decoding=\"async\" loading=\"lazy\" alt=\"Aretha Franklin en 1967 (Shutterstock)\" height=\"1487\" src=\"https:\/\/www.infobae.com\/new-resizer\/Sl5pw_xkjvByqARj0aPQRNLZcKc=\/420x315\/filters:format(jpg):quality(85)\/\/cloudfront-us-east-1.images.arcpublishing.com\/infobae\/QUP6NLB2ENGUFMKGYXI23PXO2I.jpg\" width=\"1920\">Aretha Franklin en 1967 (Shutterstock)<\/p>\n\n\n\n<p>Fue una de las mujeres m\u00e1s admiradas de la m\u00fasica estadounidense. Bajo el t\u00edtulo de&nbsp;<em><strong>Respect<\/strong><\/em>, llega esta biopic encarnada por&nbsp;<strong>Jennifer Hudson<\/strong>&nbsp;en el rol central con un elenco de lujo que la acompa\u00f1a:&nbsp;<strong>Forest Whitaker, Marlon Wayans, Audra McDonald, Queen Latifah, Marc Maron, Tituss Burgess, Tate Donovan&nbsp;<\/strong>y<strong>&nbsp;Mary J. Blige<\/strong>. La historia de la reina del soul tiene fecha de estreno en los Estados Unidos para enero de 2021 y ya se pueden ver varios trailers del film.<\/p>\n\n\n\n<p><mark><strong>Andy Warhol<\/strong><\/mark><img decoding=\"async\" loading=\"lazy\" alt=\"Andy Warhol (Cr\u00e9dito: Shutterstock)\n\" height=\"1535\" src=\"https:\/\/www.infobae.com\/new-resizer\/ydc6_nj5T9EkBDhQ1_XkXQwKo7A=\/420x236\/filters:format(jpg):quality(85)\/\/cloudfront-us-east-1.images.arcpublishing.com\/infobae\/AQVBWEGCRNHQNN423D5WR4ZS3Q.jpg\" width=\"2729\">Andy Warhol (Cr\u00e9dito: Shutterstock)<\/p>\n\n\n\n<p>El exc\u00e9ntrico artista estadounidense tiene su biopic confirmada. El actor elegido para darle vida es el ganador del Oscar,&nbsp;<strong>Jared Leto<\/strong>. \u201cS\u00ed, es verdad, interpretar\u00e9 a Andy Warhol en una pr\u00f3xima pel\u00edcula. Me siento agradecido y emocionado por esta oportunidad\u201d, asegur\u00f3 Leto en su cuenta de Instagram el d\u00eda que se recordaba el natalicio de Warhol que tendr\u00eda hoy 92 a\u00f1os. Recordemos que ya fue llevado al cine (en interpretaciones breves) por diferentes actores como&nbsp;<strong>David Bowie, Crispin Glover, Jared Harris<\/strong>&nbsp;y&nbsp;<strong>Bill Hader.<\/strong><\/p>\n\n\n\n<p><mark><strong>Elvis Presley<\/strong><\/mark><img decoding=\"async\" loading=\"lazy\" alt=\"Elvis Presley en Alemania (Foto: especial)\" height=\"545\" src=\"https:\/\/www.infobae.com\/new-resizer\/bYOWTH_KgW6RidXQUTn9xGt7t0o=\/420x236\/filters:format(jpg):quality(85)\/\/cloudfront-us-east-1.images.arcpublishing.com\/infobae\/GMJ7RP7FDNAJ5LTRO5X4XSAKPI.jpg\" width=\"980\">Elvis Presley en Alemania (Foto: especial)<\/p>\n\n\n\n<p>El rey del rock and roll se merec\u00eda su propia biograf\u00eda. El cantante ser\u00e1 interpretado por&nbsp;<strong>Austin Butler<\/strong>&nbsp;(al que vimos en el film de&nbsp;<strong>Quentin Tarantino<\/strong>,&nbsp;<em>\u00c9rase una vez en Hollywood<\/em>), mientras que su mentor&nbsp;<strong>Tom Parker<\/strong>&nbsp;estar\u00e1 encarnado por&nbsp;<strong>Tom Hanks<\/strong>, que contrajo coronavirus junto a su esposa&nbsp;<strong>Rita Wilson<\/strong>&nbsp;mientras estaban filmando esta biopic en Australia.&nbsp;<strong>Baz Luhrmann<\/strong>&nbsp;(<em>Moulin Rouge<\/em>) es el director de esta historia que recorrer\u00e1 m\u00e1s de 20 de a\u00f1os de carrera de este m\u00fasico. El estreno est\u00e1 previsto para octubre de 2021.<\/p>\n\n\n\n<p><mark><strong>Vanilla Ice<\/strong><\/mark><img decoding=\"async\" loading=\"lazy\" alt=\"Vanilla Ice \" height=\"1280\" src=\"https:\/\/www.infobae.com\/new-resizer\/kit8u6utX8hU2Bfl3jt2xPR55Fc=\/420x280\/filters:format(jpg):quality(85)\/\/cloudfront-us-east-1.images.arcpublishing.com\/infobae\/Y6VNJXCCGFGTHHX6NSTCGPELCQ.jpg\" width=\"1920\">Vanilla Ice<\/p>\n\n\n\n<p>La vida del rapero que marc\u00f3 los a\u00f1os 90 llegar\u00e1 al cine bajo el t\u00edtulo&nbsp;<em><strong>To the extreme<\/strong><\/em>&nbsp;(nombre del disco m\u00e1s vendido del artista). El protagonista es&nbsp;<strong>Dave Franco<\/strong>&nbsp;(hermano del actor James Franco) que se pondr\u00e1 el traje de&nbsp;<strong>Robert Matthew Van Winkle<\/strong>, m\u00e1s conocido como&nbsp;<strong>Vanilla<\/strong>&nbsp;<strong>Ice<\/strong>. Uno de sus temas m\u00e1s populares fue sin dudas \u201cIce, ice Baby\u201d, canci\u00f3n que fue denunciada por plagio de \u201cUnder Pressure\u201d de Queen. Sin fecha de estreno, esta biopic fue en principio aprobada por el artista.<\/p>\n","protected":false},"excerpt":{"rendered":"<p>Es el g\u00e9nero de moda tanto en el mundo de las series como en el cine. El anuncio de la ficci\u00f3n que recorrer\u00e1 la vida del ex presidente argentino vino a ratificar que las biograf\u00edas llegaron para quedarse A Hollywood siempre le gust\u00f3 contar historias de personajes reales. Algunas de ellas fueron llevadas al cine [&hellip;]<\/p>\n","protected":false},"author":40,"featured_media":265002,"comment_status":"open","ping_status":"open","sticky":false,"template":"","format":"standard","meta":{"_stopmodifiedupdate":false,"_modified_date":"","inline_featured_image":false,"spay_email":"","jetpack_publicize_message":""},"categories":[21],"tags":[],"jetpack_featured_media_url":"https:\/\/notinor.com\/jujuy\/wp-content\/uploads\/2020\/09\/VLTDM2H43FFKPNVU7WBJMU55LI.jpg","jetpack_publicize_connections":[],"_links":{"self":[{"href":"https:\/\/notinor.com\/jujuy\/wp-json\/wp\/v2\/posts\/265001"}],"collection":[{"href":"https:\/\/notinor.com\/jujuy\/wp-json\/wp\/v2\/posts"}],"about":[{"href":"https:\/\/notinor.com\/jujuy\/wp-json\/wp\/v2\/types\/post"}],"author":[{"embeddable":true,"href":"https:\/\/notinor.com\/jujuy\/wp-json\/wp\/v2\/users\/40"}],"replies":[{"embeddable":true,"href":"https:\/\/notinor.com\/jujuy\/wp-json\/wp\/v2\/comments?post=265001"}],"version-history":[{"count":1,"href":"https:\/\/notinor.com\/jujuy\/wp-json\/wp\/v2\/posts\/265001\/revisions"}],"predecessor-version":[{"id":265003,"href":"https:\/\/notinor.com\/jujuy\/wp-json\/wp\/v2\/posts\/265001\/revisions\/265003"}],"wp:featuredmedia":[{"embeddable":true,"href":"https:\/\/notinor.com\/jujuy\/wp-json\/wp\/v2\/media\/265002"}],"wp:attachment":[{"href":"https:\/\/notinor.com\/jujuy\/wp-json\/wp\/v2\/media?parent=265001"}],"wp:term":[{"taxonomy":"category","embeddable":true,"href":"https:\/\/notinor.com\/jujuy\/wp-json\/wp\/v2\/categories?post=265001"},{"taxonomy":"post_tag","embeddable":true,"href":"https:\/\/notinor.com\/jujuy\/wp-json\/wp\/v2\/tags?post=265001"}],"curies":[{"name":"wp","href":"https:\/\/api.w.org\/{rel}","templated":true}]}}