{"id":26491,"date":"2015-05-10T01:07:13","date_gmt":"2015-05-10T04:07:13","guid":{"rendered":"http:\/\/notinor.com\/jujuy\/?p=26491"},"modified":"2015-05-10T10:59:52","modified_gmt":"2015-05-10T13:59:52","slug":"domingo-de-feria-pura-cabeza","status":"publish","type":"post","link":"https:\/\/notinor.com\/jujuy\/domingo-de-feria-pura-cabeza\/","title":{"rendered":"Domingo de Feria \u201cPura Cabeza\u201d"},"content":{"rendered":"<p>La ya tradicional feria ubicada en calle Patricias Argentinas 232 vuelve esta tarde a partir de las 16 hasta las 21.30 horas.<\/p>\n<p>Un espacio donde se suman los dise\u00f1adores y emprendedores de nuestra provincia para mostrar todas sus creaciones con sello personal.<\/p>\n<p>Diferente son los objetos que se podr\u00e1n apreciar esta noche entre ropa, calzados, adornos, todos dise\u00f1os exclusivos. As\u00ed tambi\u00e9n podr\u00e1n los interesados comprar ropa americana y disfrutar de buena m\u00fasica entre amigos y amigas mientras que recorren toda la feria.<\/p>\n<p><a href=\"http:\/\/notinor.com\/jujuy\/wp-content\/uploads\/2015\/05\/feria-pura-cabeza.png\"><img decoding=\"async\" loading=\"lazy\" class=\"alignnone size-full wp-image-26492\" src=\"http:\/\/notinor.com\/jujuy\/wp-content\/uploads\/2015\/05\/feria-pura-cabeza.png\" alt=\"feria pura cabeza\" width=\"960\" height=\"358\" srcset=\"https:\/\/notinor.com\/jujuy\/wp-content\/uploads\/2015\/05\/feria-pura-cabeza.png 960w, https:\/\/notinor.com\/jujuy\/wp-content\/uploads\/2015\/05\/feria-pura-cabeza-300x111.png 300w, https:\/\/notinor.com\/jujuy\/wp-content\/uploads\/2015\/05\/feria-pura-cabeza-900x335.png 900w\" sizes=\"(max-width: 960px) 100vw, 960px\" \/><\/a><\/p>\n<p>&nbsp;<\/p>\n<p>&nbsp;<\/p>\n","protected":false},"excerpt":{"rendered":"<p>La ya tradicional feria ubicada en calle Patricias Argentinas 232 vuelve esta tarde a partir de las 16 hasta las 21.30 horas. Un espacio donde se suman los dise\u00f1adores y emprendedores de nuestra provincia para mostrar todas sus creaciones con sello personal. Diferente son los objetos que se podr\u00e1n apreciar esta noche entre ropa, calzados, [&hellip;]<\/p>\n","protected":false},"author":1,"featured_media":26492,"comment_status":"open","ping_status":"open","sticky":false,"template":"","format":"standard","meta":{"_stopmodifiedupdate":false,"_modified_date":"","inline_featured_image":false,"spay_email":"","jetpack_publicize_message":""},"categories":[13],"tags":[],"jetpack_featured_media_url":"https:\/\/notinor.com\/jujuy\/wp-content\/uploads\/2015\/05\/feria-pura-cabeza.png","jetpack_publicize_connections":[],"_links":{"self":[{"href":"https:\/\/notinor.com\/jujuy\/wp-json\/wp\/v2\/posts\/26491"}],"collection":[{"href":"https:\/\/notinor.com\/jujuy\/wp-json\/wp\/v2\/posts"}],"about":[{"href":"https:\/\/notinor.com\/jujuy\/wp-json\/wp\/v2\/types\/post"}],"author":[{"embeddable":true,"href":"https:\/\/notinor.com\/jujuy\/wp-json\/wp\/v2\/users\/1"}],"replies":[{"embeddable":true,"href":"https:\/\/notinor.com\/jujuy\/wp-json\/wp\/v2\/comments?post=26491"}],"version-history":[{"count":1,"href":"https:\/\/notinor.com\/jujuy\/wp-json\/wp\/v2\/posts\/26491\/revisions"}],"predecessor-version":[{"id":26495,"href":"https:\/\/notinor.com\/jujuy\/wp-json\/wp\/v2\/posts\/26491\/revisions\/26495"}],"wp:featuredmedia":[{"embeddable":true,"href":"https:\/\/notinor.com\/jujuy\/wp-json\/wp\/v2\/media\/26492"}],"wp:attachment":[{"href":"https:\/\/notinor.com\/jujuy\/wp-json\/wp\/v2\/media?parent=26491"}],"wp:term":[{"taxonomy":"category","embeddable":true,"href":"https:\/\/notinor.com\/jujuy\/wp-json\/wp\/v2\/categories?post=26491"},{"taxonomy":"post_tag","embeddable":true,"href":"https:\/\/notinor.com\/jujuy\/wp-json\/wp\/v2\/tags?post=26491"}],"curies":[{"name":"wp","href":"https:\/\/api.w.org\/{rel}","templated":true}]}}