{"id":264870,"date":"2020-09-10T13:05:42","date_gmt":"2020-09-10T16:05:42","guid":{"rendered":"https:\/\/notinor.com\/jujuy\/?p=264870"},"modified":"2020-09-10T13:05:46","modified_gmt":"2020-09-10T16:05:46","slug":"fallecio-otro-trabajador-de-la-empresa-ledesma","status":"publish","type":"post","link":"https:\/\/notinor.com\/jujuy\/fallecio-otro-trabajador-de-la-empresa-ledesma\/","title":{"rendered":"Falleci\u00f3 otro trabajador de la empresa Ledesma"},"content":{"rendered":"\n<p>El hombre prestaba servicio en la Gerencia de Campo y se hallaba aislado desde el 30 de agosto.<\/p>\n\n\n\n<figure class=\"wp-block-image size-large\"><img decoding=\"async\" loading=\"lazy\" width=\"800\" height=\"450\" src=\"https:\/\/notinor.com\/jujuy\/wp-content\/uploads\/2020\/09\/ledesmaa.jpg\" alt=\"\" class=\"wp-image-264871\" srcset=\"https:\/\/notinor.com\/jujuy\/wp-content\/uploads\/2020\/09\/ledesmaa.jpg 800w, https:\/\/notinor.com\/jujuy\/wp-content\/uploads\/2020\/09\/ledesmaa-649x365.jpg 649w, https:\/\/notinor.com\/jujuy\/wp-content\/uploads\/2020\/09\/ledesmaa-500x280.jpg 500w, https:\/\/notinor.com\/jujuy\/wp-content\/uploads\/2020\/09\/ledesmaa-768x432.jpg 768w, https:\/\/notinor.com\/jujuy\/wp-content\/uploads\/2020\/09\/ledesmaa-750x422.jpg 750w\" sizes=\"(max-width: 800px) 100vw, 800px\" \/><\/figure>\n\n\n\n<p>Desde la empresa Ledesma informaron un nuevo deceso en su planta trabajadora. Esta vez se trata de Jos\u00e9 Nina, trabajador que prestaba servicios en la Gerencia de Campo y falleci\u00f3 a causa del coronavirus.<\/p>\n\n\n\n<p>La muerte ya fue confirmada por el Comit\u00e9 Operativo de Emergencia,<\/p>\n\n\n\n<p>El mismo se encontraba aislado de manera preventiva desde el 30 de agosto ya que presentaba s\u00edntomas compatibles con COVID-19. El 6 de septiembre debi\u00f3 ser trasladado al hospital por cuidados intensivos.<\/p>\n\n\n\n<p>Finalmente la empresa emiti\u00f3 un comunicado notificando el fallecimiento del hombre, asimismo anunciaron que ma\u00f1ana realizar\u00e1n un homenaje de recuerdo y respeto por todos los trabajadores que perdieron la vida durante la pandemia. De igual forma para honrar a todos los fallecidos de Libertador General San Mart\u00edn.<\/p>\n","protected":false},"excerpt":{"rendered":"<p>El hombre prestaba servicio en la Gerencia de Campo y se hallaba aislado desde el 30 de agosto. Desde la empresa Ledesma informaron un nuevo deceso en su planta trabajadora. Esta vez se trata de Jos\u00e9 Nina, trabajador que prestaba servicios en la Gerencia de Campo y falleci\u00f3 a causa del coronavirus. La muerte ya [&hellip;]<\/p>\n","protected":false},"author":1,"featured_media":264871,"comment_status":"open","ping_status":"open","sticky":false,"template":"","format":"standard","meta":{"_stopmodifiedupdate":false,"_modified_date":"","inline_featured_image":false,"spay_email":"","jetpack_publicize_message":""},"categories":[2],"tags":[],"jetpack_featured_media_url":"https:\/\/notinor.com\/jujuy\/wp-content\/uploads\/2020\/09\/ledesmaa.jpg","jetpack_publicize_connections":[],"_links":{"self":[{"href":"https:\/\/notinor.com\/jujuy\/wp-json\/wp\/v2\/posts\/264870"}],"collection":[{"href":"https:\/\/notinor.com\/jujuy\/wp-json\/wp\/v2\/posts"}],"about":[{"href":"https:\/\/notinor.com\/jujuy\/wp-json\/wp\/v2\/types\/post"}],"author":[{"embeddable":true,"href":"https:\/\/notinor.com\/jujuy\/wp-json\/wp\/v2\/users\/1"}],"replies":[{"embeddable":true,"href":"https:\/\/notinor.com\/jujuy\/wp-json\/wp\/v2\/comments?post=264870"}],"version-history":[{"count":1,"href":"https:\/\/notinor.com\/jujuy\/wp-json\/wp\/v2\/posts\/264870\/revisions"}],"predecessor-version":[{"id":264872,"href":"https:\/\/notinor.com\/jujuy\/wp-json\/wp\/v2\/posts\/264870\/revisions\/264872"}],"wp:featuredmedia":[{"embeddable":true,"href":"https:\/\/notinor.com\/jujuy\/wp-json\/wp\/v2\/media\/264871"}],"wp:attachment":[{"href":"https:\/\/notinor.com\/jujuy\/wp-json\/wp\/v2\/media?parent=264870"}],"wp:term":[{"taxonomy":"category","embeddable":true,"href":"https:\/\/notinor.com\/jujuy\/wp-json\/wp\/v2\/categories?post=264870"},{"taxonomy":"post_tag","embeddable":true,"href":"https:\/\/notinor.com\/jujuy\/wp-json\/wp\/v2\/tags?post=264870"}],"curies":[{"name":"wp","href":"https:\/\/api.w.org\/{rel}","templated":true}]}}