{"id":264863,"date":"2020-09-10T12:42:23","date_gmt":"2020-09-10T15:42:23","guid":{"rendered":"https:\/\/notinor.com\/jujuy\/?p=264863"},"modified":"2020-09-10T12:42:30","modified_gmt":"2020-09-10T15:42:30","slug":"el-concejo-deliberante-sesiona-al-aire-libre","status":"publish","type":"post","link":"https:\/\/notinor.com\/jujuy\/el-concejo-deliberante-sesiona-al-aire-libre\/","title":{"rendered":"El Concejo Deliberante sesiona al aire libre"},"content":{"rendered":"\n<p>Contin\u00faa desarroll\u00e1ndose la Sesi\u00f3n Ordinaria N\u00b05\/20, desde el deliberativo capitalino decidieron trabajar de manera presencial.<\/p>\n\n\n\n<figure class=\"wp-block-image size-large\"><img decoding=\"async\" loading=\"lazy\" width=\"643\" height=\"480\" src=\"https:\/\/notinor.com\/jujuy\/wp-content\/uploads\/2020\/09\/Sesi\u00f3n-Consejo-al-aire-libre-643x480.jpeg\" alt=\"\" class=\"wp-image-264864\" srcset=\"https:\/\/notinor.com\/jujuy\/wp-content\/uploads\/2020\/09\/Sesi\u00f3n-Consejo-al-aire-libre-643x480.jpeg 643w, https:\/\/notinor.com\/jujuy\/wp-content\/uploads\/2020\/09\/Sesi\u00f3n-Consejo-al-aire-libre-489x365.jpeg 489w, https:\/\/notinor.com\/jujuy\/wp-content\/uploads\/2020\/09\/Sesi\u00f3n-Consejo-al-aire-libre-768x574.jpeg 768w, https:\/\/notinor.com\/jujuy\/wp-content\/uploads\/2020\/09\/Sesi\u00f3n-Consejo-al-aire-libre-750x560.jpeg 750w, https:\/\/notinor.com\/jujuy\/wp-content\/uploads\/2020\/09\/Sesi\u00f3n-Consejo-al-aire-libre-1140x851.jpeg 1140w, https:\/\/notinor.com\/jujuy\/wp-content\/uploads\/2020\/09\/Sesi\u00f3n-Consejo-al-aire-libre.jpeg 1280w\" sizes=\"(max-width: 643px) 100vw, 643px\" \/><\/figure>\n\n\n\n<p>Desde las 10 de la ma\u00f1ana se desarrolla la Sesi\u00f3n Ordinaria N\u00b05\/20 en el estacionamiento del Concejo Deliberante de San Salvador de Jujuy. Los concejales optaron por priorizar las actividades presenciales y adaptaron las medidas para poder sesionar al aire libre.<\/p>\n\n\n\n<p>Durante la semana pasada los distintos bloques y autoridades del Concejo realizaron reuniones virtuales para diagramar la Sesi\u00f3n Ordinaria de hoy. Al respecto el presidente del deliberativo capitalino, Lisandro Aguiar, hab\u00eda anunciado la intenci\u00f3n de llevar adelante las actividades de manera presencial. Para ello adaptaron el estacionamiento del Concejo para llevar adelante la sesi\u00f3n.<\/p>\n\n\n\n<p>Desde las 10 de la ma\u00f1ana se desarrolla el debate en el que se tratan como temas principales: suspender el aumento de la tarifa de transporte y brindar beneficios a los comerciantes suspendiendo los impuestos municipales.<\/p>\n\n\n\n<p>En principio tambi\u00e9n se iba a tratar la instalaci\u00f3n de un crematorio en territorio capitalino, sin embargo esta cuesti\u00f3n se reserv\u00f3 y posterg\u00f3 su debate. La sesi\u00f3n contin\u00faa desarroll\u00e1ndose:<\/p>\n\n\n\n<figure class=\"wp-block-embed-facebook wp-block-embed is-type-video is-provider-facebook\"><div class=\"wp-block-embed__wrapper\">\n<div id=\"fb-root\"><\/div><script async=\"1\" defer=\"1\" crossorigin=\"anonymous\" src=\"https:\/\/connect.facebook.net\/en_US\/sdk.js#xfbml=1&amp;version=v8.0\" nonce=\"hEy0llgc\"><\/script><div class=\"fb-video\" data-href=\"https:\/\/www.facebook.com\/cdjujuy\/videos\/3314951585251033\" data-width=\"500\"><blockquote cite=\"https:\/\/www.facebook.com\/cdjujuy\/videos\/3314951585251033\/\" class=\"fb-xfbml-parse-ignore\"><a href=\"https:\/\/www.facebook.com\/cdjujuy\/videos\/3314951585251033\/\"><\/a><p><\/p>Posted by <a href=\"https:\/\/www.facebook.com\/cdjujuy\/\">Concejo Deliberante De San Salvador de Jujuy<\/a> on Thursday, September 10, 2020<\/blockquote><\/div>\n<\/div><\/figure>\n","protected":false},"excerpt":{"rendered":"<p>Contin\u00faa desarroll\u00e1ndose la Sesi\u00f3n Ordinaria N\u00b05\/20, desde el deliberativo capitalino decidieron trabajar de manera presencial. Desde las 10 de la ma\u00f1ana se desarrolla la Sesi\u00f3n Ordinaria N\u00b05\/20 en el estacionamiento del Concejo Deliberante de San Salvador de Jujuy. Los concejales optaron por priorizar las actividades presenciales y adaptaron las medidas para poder sesionar al aire [&hellip;]<\/p>\n","protected":false},"author":1,"featured_media":264864,"comment_status":"open","ping_status":"open","sticky":false,"template":"","format":"standard","meta":{"_stopmodifiedupdate":false,"_modified_date":"","inline_featured_image":false,"spay_email":"","jetpack_publicize_message":""},"categories":[501],"tags":[],"jetpack_featured_media_url":"https:\/\/notinor.com\/jujuy\/wp-content\/uploads\/2020\/09\/Sesi\u00f3n-Consejo-al-aire-libre.jpeg","jetpack_publicize_connections":[],"_links":{"self":[{"href":"https:\/\/notinor.com\/jujuy\/wp-json\/wp\/v2\/posts\/264863"}],"collection":[{"href":"https:\/\/notinor.com\/jujuy\/wp-json\/wp\/v2\/posts"}],"about":[{"href":"https:\/\/notinor.com\/jujuy\/wp-json\/wp\/v2\/types\/post"}],"author":[{"embeddable":true,"href":"https:\/\/notinor.com\/jujuy\/wp-json\/wp\/v2\/users\/1"}],"replies":[{"embeddable":true,"href":"https:\/\/notinor.com\/jujuy\/wp-json\/wp\/v2\/comments?post=264863"}],"version-history":[{"count":1,"href":"https:\/\/notinor.com\/jujuy\/wp-json\/wp\/v2\/posts\/264863\/revisions"}],"predecessor-version":[{"id":264865,"href":"https:\/\/notinor.com\/jujuy\/wp-json\/wp\/v2\/posts\/264863\/revisions\/264865"}],"wp:featuredmedia":[{"embeddable":true,"href":"https:\/\/notinor.com\/jujuy\/wp-json\/wp\/v2\/media\/264864"}],"wp:attachment":[{"href":"https:\/\/notinor.com\/jujuy\/wp-json\/wp\/v2\/media?parent=264863"}],"wp:term":[{"taxonomy":"category","embeddable":true,"href":"https:\/\/notinor.com\/jujuy\/wp-json\/wp\/v2\/categories?post=264863"},{"taxonomy":"post_tag","embeddable":true,"href":"https:\/\/notinor.com\/jujuy\/wp-json\/wp\/v2\/tags?post=264863"}],"curies":[{"name":"wp","href":"https:\/\/api.w.org\/{rel}","templated":true}]}}