{"id":264856,"date":"2020-09-10T11:58:51","date_gmt":"2020-09-10T14:58:51","guid":{"rendered":"https:\/\/notinor.com\/jujuy\/?p=264856"},"modified":"2020-09-10T11:58:55","modified_gmt":"2020-09-10T14:58:55","slug":"incendios-forestales-tinen-de-naranja-los-cielos-de-san-francisco","status":"publish","type":"post","link":"https:\/\/notinor.com\/jujuy\/incendios-forestales-tinen-de-naranja-los-cielos-de-san-francisco\/","title":{"rendered":"Incendios forestales ti\u00f1en de naranja los cielos de San Francisco"},"content":{"rendered":"\n<p>Los habitantes de San Francisco y otros lugares de California se despertaron el mi\u00e9rcoles con un cielo anaranjado similar a escenarios apocal\u00edpticos en un a\u00f1o ya plagado de eventos inquietantes.<\/p>\n\n\n\n<figure class=\"wp-block-image size-large\"><img decoding=\"async\" loading=\"lazy\" width=\"750\" height=\"445\" src=\"https:\/\/notinor.com\/jujuy\/wp-content\/uploads\/2020\/09\/san-francisco-1.jpg\" alt=\"\" class=\"wp-image-264860\" srcset=\"https:\/\/notinor.com\/jujuy\/wp-content\/uploads\/2020\/09\/san-francisco-1.jpg 750w, https:\/\/notinor.com\/jujuy\/wp-content\/uploads\/2020\/09\/san-francisco-1-615x365.jpg 615w\" sizes=\"(max-width: 750px) 100vw, 750px\" \/><\/figure>\n\n\n\n<p>Cielos tan oscuros que parec\u00eda ser de noche y en algunas zonas, cenizas cayendo como nieve. El origen eran los grandes incendios forestales que llenaron el aire de humo y polvo.<\/p>\n\n\n\n<p>Las fotos de la espeluznante escena, en particular de un horizonte de San Francisco que parec\u00eda haber sido sacado de una pel\u00edcula dist\u00f3pica de ciencia ficci\u00f3n, se difundieron r\u00e1pidamente en las redes sociales.<\/p>\n\n\n\n<p>\"Los cielos anaranjados de esta ma\u00f1ana son el resultado del humo de los incendios forestales en el aire\", dijeron los funcionarios de calidad del aire de la Bah\u00eda de San Francisco en un tuit.<\/p>\n\n\n\n<p>\"Estas part\u00edculas de humo dispersan la luz azul y solo permiten que la luz amarillo-naranja-roja llegue a la superficie, haciendo que los cielos se vean anaranjados\".<\/p>\n\n\n\n<p>A medida que el humo se vuelve espeso en algunas \u00e1reas, bloquea la luz solar y oscurece los cielos, explicaron los funcionarios.<\/p>\n\n\n\n<p>Los cielos oscuros que bloquean el sol enfriaron las temperaturas en lo que hist\u00f3ricamente ha sido el a\u00f1o m\u00e1s c\u00e1lido en San Francisco.<\/p>\n\n\n\n<p>\"Este humo est\u00e1 filtrando la energ\u00eda entrante del sol, causando temperaturas mucho m\u00e1s fr\u00edas y cielos oscuros y con tintes rojo en muchas \u00e1reas\", dijo el Servicio Meteorol\u00f3gico Nacional de Estados Unidos en un tuit.<\/p>\n\n\n\n<p>Lo que se describi\u00f3 como incendios forestales \"sin precedentes\", alimentados por fuertes vientos y temperaturas abrasadoras, atravesaron una amplia franja de California, Oregon y Washington el mi\u00e9rcoles, destruyendo decenas de hogares y negocios en los estados del oeste de Estados Unidos, y forzando a decenas de miles de residentes a evacuar.<\/p>\n\n\n\n<p>En California, donde se han reportado al menos ocho muertes, helic\u00f3pteros de la Guardia Nacional rescataron a cientos de personas atrapadas por el \"Creek Fire\" en el Bosque Nacional Sierra.<\/p>\n\n\n\n<p>En Oregon, la gobernadora Kate Brown declar\u00f3 que los incendios en ese estado del noroeste eran un \"evento \u00fanico en una generaci\u00f3n\".<\/p>\n\n\n\n<p>Jay Inslee, gobernador del vecino estado de Washington, describi\u00f3 los incendios forestales como \"sin precedentes y desgarradores\".<\/p>\n\n\n\n<figure class=\"wp-block-image size-large\"><img decoding=\"async\" loading=\"lazy\" width=\"713\" height=\"480\" src=\"https:\/\/notinor.com\/jujuy\/wp-content\/uploads\/2020\/09\/INCENDIO-2-713x480.jpg\" alt=\"\" class=\"wp-image-264861\" srcset=\"https:\/\/notinor.com\/jujuy\/wp-content\/uploads\/2020\/09\/INCENDIO-2-713x480.jpg 713w, https:\/\/notinor.com\/jujuy\/wp-content\/uploads\/2020\/09\/INCENDIO-2-542x365.jpg 542w, https:\/\/notinor.com\/jujuy\/wp-content\/uploads\/2020\/09\/INCENDIO-2.jpg 750w\" sizes=\"(max-width: 713px) 100vw, 713px\" \/><\/figure>\n","protected":false},"excerpt":{"rendered":"<p>Los habitantes de San Francisco y otros lugares de California se despertaron el mi\u00e9rcoles con un cielo anaranjado similar a escenarios apocal\u00edpticos en un a\u00f1o ya plagado de eventos inquietantes. Cielos tan oscuros que parec\u00eda ser de noche y en algunas zonas, cenizas cayendo como nieve. El origen eran los grandes incendios forestales que llenaron [&hellip;]<\/p>\n","protected":false},"author":5,"featured_media":264859,"comment_status":"open","ping_status":"open","sticky":false,"template":"","format":"standard","meta":{"_stopmodifiedupdate":false,"_modified_date":"","inline_featured_image":false,"spay_email":"","jetpack_publicize_message":""},"categories":[6],"tags":[],"jetpack_featured_media_url":"https:\/\/notinor.com\/jujuy\/wp-content\/uploads\/2020\/09\/san-francisco.jpg","jetpack_publicize_connections":[],"_links":{"self":[{"href":"https:\/\/notinor.com\/jujuy\/wp-json\/wp\/v2\/posts\/264856"}],"collection":[{"href":"https:\/\/notinor.com\/jujuy\/wp-json\/wp\/v2\/posts"}],"about":[{"href":"https:\/\/notinor.com\/jujuy\/wp-json\/wp\/v2\/types\/post"}],"author":[{"embeddable":true,"href":"https:\/\/notinor.com\/jujuy\/wp-json\/wp\/v2\/users\/5"}],"replies":[{"embeddable":true,"href":"https:\/\/notinor.com\/jujuy\/wp-json\/wp\/v2\/comments?post=264856"}],"version-history":[{"count":1,"href":"https:\/\/notinor.com\/jujuy\/wp-json\/wp\/v2\/posts\/264856\/revisions"}],"predecessor-version":[{"id":264862,"href":"https:\/\/notinor.com\/jujuy\/wp-json\/wp\/v2\/posts\/264856\/revisions\/264862"}],"wp:featuredmedia":[{"embeddable":true,"href":"https:\/\/notinor.com\/jujuy\/wp-json\/wp\/v2\/media\/264859"}],"wp:attachment":[{"href":"https:\/\/notinor.com\/jujuy\/wp-json\/wp\/v2\/media?parent=264856"}],"wp:term":[{"taxonomy":"category","embeddable":true,"href":"https:\/\/notinor.com\/jujuy\/wp-json\/wp\/v2\/categories?post=264856"},{"taxonomy":"post_tag","embeddable":true,"href":"https:\/\/notinor.com\/jujuy\/wp-json\/wp\/v2\/tags?post=264856"}],"curies":[{"name":"wp","href":"https:\/\/api.w.org\/{rel}","templated":true}]}}