{"id":264853,"date":"2020-09-10T11:43:21","date_gmt":"2020-09-10T14:43:21","guid":{"rendered":"https:\/\/notinor.com\/jujuy\/?p=264853"},"modified":"2020-09-10T11:43:26","modified_gmt":"2020-09-10T14:43:26","slug":"alberto-fernandez-hablo-del-ife-4-se-pagara-en-octubre","status":"publish","type":"post","link":"https:\/\/notinor.com\/jujuy\/alberto-fernandez-hablo-del-ife-4-se-pagara-en-octubre\/","title":{"rendered":"Alberto Fern\u00e1ndez habl\u00f3 del IFE 4: \u00bfSe pagar\u00e1 en octubre?"},"content":{"rendered":"\n<p>El Presidente reconoci\u00f3 que el pago de los 10 mil pesos del Ingreso Familiar de Emergencia cada dos meses fue \"un error burocr\u00e1tico\" de su gesti\u00f3n, a la vez que consider\u00f3 al beneficio como \"un hecho nuevo en la econom\u00eda argentina\".<\/p>\n\n\n\n<figure class=\"wp-block-image size-large\"><img decoding=\"async\" loading=\"lazy\" width=\"750\" height=\"384\" src=\"https:\/\/notinor.com\/jujuy\/wp-content\/uploads\/2020\/09\/ALBERTO.jpg\" alt=\"\" class=\"wp-image-264854\" srcset=\"https:\/\/notinor.com\/jujuy\/wp-content\/uploads\/2020\/09\/ALBERTO.jpg 750w, https:\/\/notinor.com\/jujuy\/wp-content\/uploads\/2020\/09\/ALBERTO-660x338.jpg 660w\" sizes=\"(max-width: 750px) 100vw, 750px\" \/><\/figure>\n\n\n\n<p>El presidente Alberto Fern\u00e1ndez asegur\u00f3 que \"mientras la pandemia dure\" har\u00e1 \"todos los esfuerzos fiscales para que la gente no sufra\", a la vez precis\u00f3 que \"no est\u00e1 confirmado\" el pago de un cuarto desembolso del Ingreso Familiar de Emergencia ( IFE).<\/p>\n\n\n\n<p>\"El problema del IFE es que a los destinatarios hay que estar busc\u00e1ndolos con lupa porque son personas que no estaban registradas por la econom\u00eda\", explic\u00f3 esta ma\u00f1ana el Presidente durante una entrevista en Radio Con Vos al ser consultado sobre el pago del bono de 10 mil pesos dirigido familias cuyos ingresos se vieron afectados por la pandemia de coronavirus.<\/p>\n\n\n\n<p>Respecto a la periocidad de los desembolsos, uno cada dos meses, Fern\u00e1ndez reconoci\u00f3 que se trat\u00f3 de \"un problema puramente burocr\u00e1tico\". \"Cada IFE que hubo fue cobrado por m\u00e1s personas y eso lo complic\u00f3. Eso fue un error burocr\u00e1tico nuestro\", sostuvo en mandatario.<\/p>\n\n\n\n<p>Al aventurar sobre la posibilidad de un retroactivo a quienes no haya cobrado las primeras tandas del IFE, el Presidente asegur\u00f3 que \"eso hay que estudiarlo\" y que si bien \"todav\u00eda no est\u00e1 confirmado\" un cuarto pago, remarc\u00f3 \"mientras la pandemia dure y la gente lo necesite, voy a hacer todo el esfuerzo fiscal para la gente que no sufre\".<\/p>\n\n\n\n<p>\"El IFE es un hecho nuevo en la econom\u00eda argentina porque consisti\u00f3 en ir a buscar a los que la econom\u00eda no registraba. La ense\u00f1anza m\u00e1s dolorosa que dej\u00f3 la pandemia fue esa: darme cuenta que hay 9 millones de argentinos que la Argentina no registraba\", concluy\u00f3 Fern\u00e1ndez.<\/p>\n","protected":false},"excerpt":{"rendered":"<p>El Presidente reconoci\u00f3 que el pago de los 10 mil pesos del Ingreso Familiar de Emergencia cada dos meses fue \"un error burocr\u00e1tico\" de su gesti\u00f3n, a la vez que consider\u00f3 al beneficio como \"un hecho nuevo en la econom\u00eda argentina\". El presidente Alberto Fern\u00e1ndez asegur\u00f3 que \"mientras la pandemia dure\" har\u00e1 \"todos los esfuerzos [&hellip;]<\/p>\n","protected":false},"author":5,"featured_media":264854,"comment_status":"open","ping_status":"open","sticky":false,"template":"","format":"standard","meta":{"_stopmodifiedupdate":false,"_modified_date":"","inline_featured_image":false,"spay_email":"","jetpack_publicize_message":""},"categories":[5],"tags":[],"jetpack_featured_media_url":"https:\/\/notinor.com\/jujuy\/wp-content\/uploads\/2020\/09\/ALBERTO.jpg","jetpack_publicize_connections":[],"_links":{"self":[{"href":"https:\/\/notinor.com\/jujuy\/wp-json\/wp\/v2\/posts\/264853"}],"collection":[{"href":"https:\/\/notinor.com\/jujuy\/wp-json\/wp\/v2\/posts"}],"about":[{"href":"https:\/\/notinor.com\/jujuy\/wp-json\/wp\/v2\/types\/post"}],"author":[{"embeddable":true,"href":"https:\/\/notinor.com\/jujuy\/wp-json\/wp\/v2\/users\/5"}],"replies":[{"embeddable":true,"href":"https:\/\/notinor.com\/jujuy\/wp-json\/wp\/v2\/comments?post=264853"}],"version-history":[{"count":1,"href":"https:\/\/notinor.com\/jujuy\/wp-json\/wp\/v2\/posts\/264853\/revisions"}],"predecessor-version":[{"id":264855,"href":"https:\/\/notinor.com\/jujuy\/wp-json\/wp\/v2\/posts\/264853\/revisions\/264855"}],"wp:featuredmedia":[{"embeddable":true,"href":"https:\/\/notinor.com\/jujuy\/wp-json\/wp\/v2\/media\/264854"}],"wp:attachment":[{"href":"https:\/\/notinor.com\/jujuy\/wp-json\/wp\/v2\/media?parent=264853"}],"wp:term":[{"taxonomy":"category","embeddable":true,"href":"https:\/\/notinor.com\/jujuy\/wp-json\/wp\/v2\/categories?post=264853"},{"taxonomy":"post_tag","embeddable":true,"href":"https:\/\/notinor.com\/jujuy\/wp-json\/wp\/v2\/tags?post=264853"}],"curies":[{"name":"wp","href":"https:\/\/api.w.org\/{rel}","templated":true}]}}