{"id":264847,"date":"2020-09-10T11:53:16","date_gmt":"2020-09-10T14:53:16","guid":{"rendered":"https:\/\/notinor.com\/jujuy\/?p=264847"},"modified":"2020-09-10T11:53:49","modified_gmt":"2020-09-10T14:53:49","slug":"el-sabado-sera-la-primera-funcion-del-autocine","status":"publish","type":"post","link":"https:\/\/notinor.com\/jujuy\/el-sabado-sera-la-primera-funcion-del-autocine\/","title":{"rendered":"El s\u00e1bado ser\u00e1 la primera funci\u00f3n del \"autocine\""},"content":{"rendered":"\n<p>Las entradas est\u00e1n disponibles a partir de hoy, la cita ser\u00e1 en el Parque San Mart\u00edn bajo el marco de la 6\u00ba edici\u00f3n del Festival Internacional de Cine de las Alturas.<\/p>\n\n\n\n<figure class=\"wp-block-image size-large\"><img decoding=\"async\" loading=\"lazy\" width=\"840\" height=\"466\" src=\"https:\/\/notinor.com\/jujuy\/wp-content\/uploads\/2020\/09\/autocine-2-840x466.jpg\" alt=\"\" class=\"wp-image-264850\" srcset=\"https:\/\/notinor.com\/jujuy\/wp-content\/uploads\/2020\/09\/autocine-2-840x466.jpg 840w, https:\/\/notinor.com\/jujuy\/wp-content\/uploads\/2020\/09\/autocine-2-658x365.jpg 658w, https:\/\/notinor.com\/jujuy\/wp-content\/uploads\/2020\/09\/autocine-2-768x426.jpg 768w, https:\/\/notinor.com\/jujuy\/wp-content\/uploads\/2020\/09\/autocine-2-750x416.jpg 750w, https:\/\/notinor.com\/jujuy\/wp-content\/uploads\/2020\/09\/autocine-2-1140x633.jpg 1140w, https:\/\/notinor.com\/jujuy\/wp-content\/uploads\/2020\/09\/autocine-2.jpg 1200w\" sizes=\"(max-width: 840px) 100vw, 840px\" \/><\/figure>\n\n\n\n<p>El pasado martes, durante el ciclo de teleconferencias impulsadas desde el Gobierno Provincial, el ministro de Cultura y Turismo, Federico Posadas, el Secretario de Cultura, Luis Medina Zar, y el secretario de Planificaci\u00f3n de la Municipalidad de San Salvador de Jujuy, Luciano C\u00f3rdoba; realizaron la presentaci\u00f3n de la sexta edici\u00f3n del Festival Internacional del Cine de las Alturas.<\/p>\n\n\n\n<p><strong>El festival se desarrollar\u00e1 del 11 al 20 de septiembre <\/strong>y por primera vez tendr\u00e1 un formato online.\u00a0Bajo ese marco, el secretario de Cultura anunci\u00f3 que realizar\u00e1n funciones al aire libre respetando las normas de biseguridad bajo la modalidad de autocine, en las inmediaciones del Parque San Mart\u00edn en la capital juje\u00f1a. All\u00ed se transmitir\u00e1n algunos de los filmes presentados, adem\u00e1s de cortos y documentales.<\/p>\n\n\n\n<p>En concreto se brindar\u00e1n <strong>cinco funciones bajo esta modalidad y el predio tendr\u00e1 una capacidad para 120 veh\u00edculos. <\/strong>Se permitir\u00e1n hasta <strong>cuatro personas por cada rodado<\/strong>.<\/p>\n\n\n\n<p><strong>Las funciones iniciar\u00e1n este s\u00e1bado 12 de septiembre en el Aula Bosque Nativo \u201cProfesor Oscar Mar\u00edn\u201d (Punta del Parque San Martin) de San Salvador de Jujuy.<\/strong> La entrada ser\u00e1 gratuita y se obtendr\u00e1 mediante el sitio web del festival:\u00a0<a href=\"http:\/\/www.cinedelasalturas.com.ar\/\">www.cinedelasalturas.com.ar<\/a> , <strong>el \u00fanico \"costo\" ser\u00e1 una donaci\u00f3n de elementos de limpieza y protecci\u00f3n personal para colaborar en el marco de la pandemia.<\/strong><\/p>\n\n\n\n<p>Las funciones para esta modalidad ser\u00e1n el s\u00e1bado 12, domingo 13, viernes 18, s\u00e1bado 19 y domingo 20 de septiembre. De igual forma, desde hoy se encuentra habilitada la obtenci\u00f3n de las entradas para las dos primeras funciones. Las dem\u00e1s estar\u00e1n disponibles a partir del mi\u00e9rcoles 16 de septiembre.<\/p>\n\n\n\n<p><strong>\u00bfC\u00f3mo participar del \"autocine\"?<\/strong><\/p>\n\n\n\n<p>Los interesados deber\u00e1n registrarse en el sitio web del <a href=\"http:\/\/www.cinedelasalturas.com.ar\/\">Festival Internacional de Cine de las Alturas<\/a>, all\u00ed se deber\u00e1 completar el formulario de solicitud de entradas consignando los datos del veh\u00edculo en el que se asistir\u00e1 y de las personas asistentes (m\u00e1ximo 4 personas por veh\u00edculo).<\/p>\n\n\n\n<p>Una vez enviada la solicitud y sujeto a la capacidad del predio, se enviar\u00e1 un email la entrada que permitir\u00e1 ingresar al predio y circular para asistir a la funci\u00f3n. <strong>Se deber\u00e1 tenerla impresa.<\/strong><\/p>\n\n\n\n<p>Finalmente deber\u00e1n presentarse en el predio con la entrada digital y el DNI de cada asistente. La entrada permitir\u00e1 el ingreso y circulaci\u00f3n independientemente de la finalizaci\u00f3n del DNI.<\/p>\n\n\n\n<figure class=\"wp-block-image size-large\"><img decoding=\"async\" src=\"https:\/\/cinedelasalturas.com.ar\/resources\/upload\/\/\/Autocine_Vuelve_Post.png\" alt=\"\"\/><\/figure>\n","protected":false},"excerpt":{"rendered":"<p>Las entradas est\u00e1n disponibles a partir de hoy, la cita ser\u00e1 en el Parque San Mart\u00edn bajo el marco de la 6\u00ba edici\u00f3n del Festival Internacional de Cine de las Alturas. El pasado martes, durante el ciclo de teleconferencias impulsadas desde el Gobierno Provincial, el ministro de Cultura y Turismo, Federico Posadas, el Secretario de [&hellip;]<\/p>\n","protected":false},"author":1,"featured_media":264850,"comment_status":"open","ping_status":"open","sticky":false,"template":"","format":"standard","meta":{"_stopmodifiedupdate":false,"_modified_date":"","inline_featured_image":false,"spay_email":"","jetpack_publicize_message":""},"categories":[2],"tags":[],"jetpack_featured_media_url":"https:\/\/notinor.com\/jujuy\/wp-content\/uploads\/2020\/09\/autocine-2.jpg","jetpack_publicize_connections":[],"_links":{"self":[{"href":"https:\/\/notinor.com\/jujuy\/wp-json\/wp\/v2\/posts\/264847"}],"collection":[{"href":"https:\/\/notinor.com\/jujuy\/wp-json\/wp\/v2\/posts"}],"about":[{"href":"https:\/\/notinor.com\/jujuy\/wp-json\/wp\/v2\/types\/post"}],"author":[{"embeddable":true,"href":"https:\/\/notinor.com\/jujuy\/wp-json\/wp\/v2\/users\/1"}],"replies":[{"embeddable":true,"href":"https:\/\/notinor.com\/jujuy\/wp-json\/wp\/v2\/comments?post=264847"}],"version-history":[{"count":2,"href":"https:\/\/notinor.com\/jujuy\/wp-json\/wp\/v2\/posts\/264847\/revisions"}],"predecessor-version":[{"id":264858,"href":"https:\/\/notinor.com\/jujuy\/wp-json\/wp\/v2\/posts\/264847\/revisions\/264858"}],"wp:featuredmedia":[{"embeddable":true,"href":"https:\/\/notinor.com\/jujuy\/wp-json\/wp\/v2\/media\/264850"}],"wp:attachment":[{"href":"https:\/\/notinor.com\/jujuy\/wp-json\/wp\/v2\/media?parent=264847"}],"wp:term":[{"taxonomy":"category","embeddable":true,"href":"https:\/\/notinor.com\/jujuy\/wp-json\/wp\/v2\/categories?post=264847"},{"taxonomy":"post_tag","embeddable":true,"href":"https:\/\/notinor.com\/jujuy\/wp-json\/wp\/v2\/tags?post=264847"}],"curies":[{"name":"wp","href":"https:\/\/api.w.org\/{rel}","templated":true}]}}