{"id":264844,"date":"2020-09-10T11:35:03","date_gmt":"2020-09-10T14:35:03","guid":{"rendered":"https:\/\/notinor.com\/jujuy\/?p=264844"},"modified":"2020-09-10T11:35:07","modified_gmt":"2020-09-10T14:35:07","slug":"vuelve-el-autocine-en-el-festival-internacional-de-cine-de-las-alturas","status":"publish","type":"post","link":"https:\/\/notinor.com\/jujuy\/vuelve-el-autocine-en-el-festival-internacional-de-cine-de-las-alturas\/","title":{"rendered":"\u201cVuelve el autocine en el Festival Internacional de Cine de las Alturas\u201d"},"content":{"rendered":"\n<p>El Festival Internacional de Cine de las Alturas se realizar\u00e1 del 11 al 20 de septiembre de manera online y, adem\u00e1s, brindar\u00e1 cinco funciones de autocine, siendo la \u00fanica actividad presencial del evento.<\/p>\n\n\n\n<figure class=\"wp-block-image size-large\"><img decoding=\"async\" loading=\"lazy\" width=\"721\" height=\"480\" src=\"https:\/\/notinor.com\/jujuy\/wp-content\/uploads\/2020\/09\/AUTOCINE-1-721x480.jpg\" alt=\"\" class=\"wp-image-264849\" srcset=\"https:\/\/notinor.com\/jujuy\/wp-content\/uploads\/2020\/09\/AUTOCINE-1-721x480.jpg 721w, https:\/\/notinor.com\/jujuy\/wp-content\/uploads\/2020\/09\/AUTOCINE-1-549x365.jpg 549w, https:\/\/notinor.com\/jujuy\/wp-content\/uploads\/2020\/09\/AUTOCINE-1.jpg 750w\" sizes=\"(max-width: 721px) 100vw, 721px\" \/><\/figure>\n\n\n\n<p>En el \u00faltimo tiempo, el formato de autocine ha ganado un fuerte impulso present\u00e1ndose como una alternativa de entretenimiento seguro en los tiempos que corren.<\/p>\n\n\n\n<p>El Autocine de las Alturas contar\u00e1 con una programaci\u00f3n para todos los gustos. Las funciones se realizar\u00e1n en el Aula Bosque Nativo \u201cProfesor Oscar Mar\u00edn\u201d (Punta del Parque San Mart\u00edn) en San Salvador de Jujuy.<\/p>\n\n\n\n<p>Para asistir, los interesados deber\u00e1n sacar las entradas en la p\u00e1gina web del Festival, all\u00ed completar\u00e1n un formulario y recibir\u00e1n la entrada digital para asistir a la funci\u00f3n.<\/p>\n\n\n\n<p>Para las funciones del s\u00e1bado 12 y domingo 13, las entradas estar\u00e1n disponibles a partir del jueves 10; para las funciones del viernes 18, s\u00e1bado 19 y domingo 20, estar\u00e1n disponibles a partir del mi\u00e9rcoles 16. La entrada no tendr\u00e1 un valor monetario, sino que consistir\u00e1 en elementos de limpieza: alcohol, alcohol en gel y\/o lavandina, los cuales ser\u00e1n destinados a los sectores m\u00e1s afectados por la pandemia.<\/p>\n\n\n\n<p>Habr\u00e1 capacidad para 120 veh\u00edculos y se deber\u00e1 cumplir con el protocolo de seguridad y distanciamiento social.<\/p>\n\n\n\n<p>Se realizar\u00e1n cinco funciones de autocine donde se podr\u00e1n ver pel\u00edculas de cine nacional como \u201cEl cuento de las comadrejas\u201d de Juan Jos\u00e9 Campanella, cine de animaci\u00f3n para los m\u00e1s peque\u00f1os con la pel\u00edcula \u201cEl Patalarga\u201d de Mercedes Moreira y los cortometrajes \u201cDubicel\u201d y \u201cQuma y las Bestias\u201d.<\/p>\n\n\n\n<p>En las funciones de autocine tambi\u00e9n habr\u00e1 lugar para las producciones locales,se pre-estrenar\u00e1n dos telefilms que fueron realizados en Jujuy con el apoyo del INCAA y el Gobierno de Jujuy a trav\u00e9s del \u201cConcurso Provincial de Producci\u00f3n de Telefilms de Ficci\u00f3n y Documental\u201d. De esta manera, el Autocine contar\u00e1 con dos pre-estrenos: por un lado, el telefilm titulado \u201cBuscando a Yavi\u201d del director Patricio Artero, documental que pone en valor la vida del Marqu\u00e9s de Yavi; y por otro lado el telefilm de ficci\u00f3n \"Siervo Ajeno\" de Blas Moreau, una historia dentro de los d\u00edas previos al Combate de Quera.<\/p>\n\n\n\n<p>Otra producci\u00f3n de la regi\u00f3n NOA que participar\u00e1 ser\u00e1 la pel\u00edcula \"Badur Hogar\" del director salte\u00f1o Rodrigo Moscoso.<\/p>\n\n\n\n<p>PROGRAMACI\u00d3N Y SINOPSIS<\/p>\n\n\n\n<p>S\u00c1BADO 12<\/p>\n\n\n\n<p>El cuento de las comadrejas | Juan Jos\u00e9 Campanella. Una bella estrella de la \u00e9poca dorada del cine, un actor en el ocaso de su vida, un escritor cinematogr\u00e1fico frustrado y un viejo director hacen lo imposible por conservar el mundo que han creado en una vieja mansi\u00f3n ante la llegada de dos j\u00f3venes aventureros que representan una inminente amenaza.<\/p>\n\n\n\n<p>DOMINGO 13<\/p>\n\n\n\n<p>El Patalarga | Mercedes Moreira | Pel\u00edcula animada. <\/p>\n\n\n\n<p>En este pueblito, los ni\u00f1os son amenazados con la leyenda del temible Patalarga. Para los padres, el Patalarga no es m\u00e1s que un ventajoso invento. Sin embargo, Teto, Maru y Ramon descubrir\u00e1n una verdad que los har\u00e1 aventurarse m\u00e1s all\u00e1 de su inocente infancia.<\/p>\n\n\n\n<p>Ducibel | Yashira Jord\u00e1n | Corto animado<\/p>\n\n\n\n<p>Ducibel es un ni\u00f1o c\u00f3smico que vive solo en una c\u00fapula gal\u00e1ctica y quiere abrir las paredes que lo aprisionan para ver lo que est\u00e1 m\u00e1s all\u00e1 y descubrir las estrellas.<\/p>\n\n\n\n<p>Quma y las bestias | Iv\u00e1n Stur y Javier Luna Crook | Corto animado<\/p>\n\n\n\n<p>Hace 12.000 a\u00f1os en Sudam\u00e9rica, un ni\u00f1o llamado Quma aspiraba a convertirse en cazador. Pero un viaje solo en la naturaleza cambiar\u00e1 para siempre su visi\u00f3n del mundo. Ven a vivir los primeros pasos de su despertar espiritual.<\/p>\n\n\n\n<p>VIERNES 18<\/p>\n\n\n\n<p>Buscando a Yavi | Patricio Artero | Telefilm Documental<\/p>\n\n\n\n<p>En 1816, Jos\u00e9 Feliciano Campero, mejor conocido como el Marqu\u00e9s, es atrapado por el enemigo realista en Yavi y trasladado hasta Jamaica donde pasa sus \u00faltimos d\u00edas, a la espera de ser juzgado por la corona espa\u00f1ola. All\u00ed, en 1820, fallece en la selva an\u00f3nima que lo ha estado esperando durante toda su vida. En Buscando a Yavi, ficci\u00f3n y documental se confunden alrededor de la palabra entrevistada para dar ocasi\u00f3n al gesto de la met\u00e1fora. No encontramos respuestas, pero s\u00ed preguntas, a\u00fan m\u00e1s v\u00e1lidas hoy cuando el mundo se acelera hacia un cambio desconocido y se presiente la inc\u00f3gnita<\/p>\n\n\n\n<p>\u00bfQu\u00e9 quedar\u00e1 de lo que fuimos?<\/p>\n\n\n\n<p>S\u00c1BADO 19<\/p>\n\n\n\n<p>Siervo Ajeno | Blas Moreau | Telefilm Ficci\u00f3n<\/p>\n\n\n\n<figure class=\"wp-block-image size-large\"><img decoding=\"async\" loading=\"lazy\" width=\"720\" height=\"480\" src=\"https:\/\/notinor.com\/jujuy\/wp-content\/uploads\/2020\/09\/AUTOCINES-720x480.jpg\" alt=\"\" class=\"wp-image-264851\" srcset=\"https:\/\/notinor.com\/jujuy\/wp-content\/uploads\/2020\/09\/AUTOCINES-720x480.jpg 720w, https:\/\/notinor.com\/jujuy\/wp-content\/uploads\/2020\/09\/AUTOCINES-548x365.jpg 548w, https:\/\/notinor.com\/jujuy\/wp-content\/uploads\/2020\/09\/AUTOCINES.jpg 750w\" sizes=\"(max-width: 720px) 100vw, 720px\" \/><\/figure>\n","protected":false},"excerpt":{"rendered":"<p>El Festival Internacional de Cine de las Alturas se realizar\u00e1 del 11 al 20 de septiembre de manera online y, adem\u00e1s, brindar\u00e1 cinco funciones de autocine, siendo la \u00fanica actividad presencial del evento. En el \u00faltimo tiempo, el formato de autocine ha ganado un fuerte impulso present\u00e1ndose como una alternativa de entretenimiento seguro en los [&hellip;]<\/p>\n","protected":false},"author":5,"featured_media":264848,"comment_status":"open","ping_status":"open","sticky":false,"template":"","format":"standard","meta":{"_stopmodifiedupdate":false,"_modified_date":"","inline_featured_image":false,"spay_email":"","jetpack_publicize_message":""},"categories":[21],"tags":[],"jetpack_featured_media_url":"https:\/\/notinor.com\/jujuy\/wp-content\/uploads\/2020\/09\/AUTOCINE.jpg","jetpack_publicize_connections":[],"_links":{"self":[{"href":"https:\/\/notinor.com\/jujuy\/wp-json\/wp\/v2\/posts\/264844"}],"collection":[{"href":"https:\/\/notinor.com\/jujuy\/wp-json\/wp\/v2\/posts"}],"about":[{"href":"https:\/\/notinor.com\/jujuy\/wp-json\/wp\/v2\/types\/post"}],"author":[{"embeddable":true,"href":"https:\/\/notinor.com\/jujuy\/wp-json\/wp\/v2\/users\/5"}],"replies":[{"embeddable":true,"href":"https:\/\/notinor.com\/jujuy\/wp-json\/wp\/v2\/comments?post=264844"}],"version-history":[{"count":1,"href":"https:\/\/notinor.com\/jujuy\/wp-json\/wp\/v2\/posts\/264844\/revisions"}],"predecessor-version":[{"id":264852,"href":"https:\/\/notinor.com\/jujuy\/wp-json\/wp\/v2\/posts\/264844\/revisions\/264852"}],"wp:featuredmedia":[{"embeddable":true,"href":"https:\/\/notinor.com\/jujuy\/wp-json\/wp\/v2\/media\/264848"}],"wp:attachment":[{"href":"https:\/\/notinor.com\/jujuy\/wp-json\/wp\/v2\/media?parent=264844"}],"wp:term":[{"taxonomy":"category","embeddable":true,"href":"https:\/\/notinor.com\/jujuy\/wp-json\/wp\/v2\/categories?post=264844"},{"taxonomy":"post_tag","embeddable":true,"href":"https:\/\/notinor.com\/jujuy\/wp-json\/wp\/v2\/tags?post=264844"}],"curies":[{"name":"wp","href":"https:\/\/api.w.org\/{rel}","templated":true}]}}