{"id":264839,"date":"2020-09-10T11:23:04","date_gmt":"2020-09-10T14:23:04","guid":{"rendered":"https:\/\/notinor.com\/jujuy\/?p=264839"},"modified":"2020-09-10T11:23:09","modified_gmt":"2020-09-10T14:23:09","slug":"quitaran-30-000-millones-de-pesos-a-ciudad-de-buenos-aires-para-destinarlos-a-la-policia-bonaerense","status":"publish","type":"post","link":"https:\/\/notinor.com\/jujuy\/quitaran-30-000-millones-de-pesos-a-ciudad-de-buenos-aires-para-destinarlos-a-la-policia-bonaerense\/","title":{"rendered":"Quitar\u00e1n $30.000 millones de pesos a Ciudad de Buenos Aires para destinarlos a la Polic\u00eda Bonaerense"},"content":{"rendered":"\n<p>Lo oficializ\u00f3 el presidente Alberto Fern\u00e1ndez, se quitar\u00e1 coparticipaci\u00f3n a la Capital Federal para trasferirlo a la provincia de Buenos Aires y solucionar el conflicto con la Polic\u00eda.<\/p>\n\n\n\n<figure class=\"wp-block-image size-large\"><img decoding=\"async\" loading=\"lazy\" width=\"720\" height=\"480\" src=\"https:\/\/notinor.com\/jujuy\/wp-content\/uploads\/2020\/09\/albert-fernandez-720x480.jpg\" alt=\"\" class=\"wp-image-264841\" srcset=\"https:\/\/notinor.com\/jujuy\/wp-content\/uploads\/2020\/09\/albert-fernandez-720x480.jpg 720w, https:\/\/notinor.com\/jujuy\/wp-content\/uploads\/2020\/09\/albert-fernandez-548x365.jpg 548w, https:\/\/notinor.com\/jujuy\/wp-content\/uploads\/2020\/09\/albert-fernandez-750x500.jpg 750w, https:\/\/notinor.com\/jujuy\/wp-content\/uploads\/2020\/09\/albert-fernandez.jpg 768w\" sizes=\"(max-width: 720px) 100vw, 720px\" \/><\/figure>\n\n\n\n<p>Luego del gran clima de tensi\u00f3n que se vivi\u00f3 ayer a ra\u00edz de los reclamos de la Polic\u00eda Bonaerense para obtener una mejora salarial, el presidente Alberto Fern\u00e1ndez envi\u00f3 un mensaje junto dirigentes de todo el arco pol\u00edtico. Todos repudiaron que la protesta se haya trasladado a la puerta de la Quinta de Olivos.<\/p>\n\n\n\n<p>\"Todos los que estamos aqu\u00ed queremos ir resolviendo los problemas pero vamos a hacerlo cumpliendo las reglas y respetando la instituciones. Este no es el modo, de verdad se lo digo. Espero que reflexionen y cesen con esta mec\u00e1nica\", expres\u00f3 el Presidente.<\/p>\n\n\n\n<p>Posteriormente, el Jefe de Estado anunci\u00f3 la creaci\u00f3n del <strong>Fondo de Fortalecimiento Financiero Fiscal por el cual le quita un punto de la coparticipaci\u00f3n a la Capital Federal y se lo transfiere a la provincia de Buenos Aires. Le quitar\u00e1 m\u00e1s de 30 mil millones de pesos.<\/strong><\/p>\n\n\n\n<p>\"Tenemos que buscar los recursos en una situaci\u00f3n fiscal complicada. Porque no solo recibimos una econom\u00eda complicada en diciembre, sino que todo se hizo m\u00e1s complejo con la pandemia. Estamos derivando muchos recursos del Estado a los sectores m\u00e1s desprotegidos\", explic\u00f3 su postura Fern\u00e1ndes. Justificando su decisi\u00f3n de quitarle coparticipaci\u00f3n al territorio que actualmente gobierna\u00a0<strong>Horacio Rodr\u00edguez Larreta<\/strong>.<\/p>\n\n\n\n<p>Finalmente, hoy por la ma\u00f1ana se public\u00f3 en el\u00a0<strong>Bolet\u00edn Oficial<\/strong>\u00a0el\u00a0<strong>Decreto 735\/2020<\/strong> cuyo primer art\u00edculo oficializ\u00f3 la<strong>\u00a0quita a la Capital Federal de alrededor de $30 mil millones anuales en concepto de coparticipaci\u00f3n<\/strong>\u00a0<strong>para entreg\u00e1rselos a la provincia de Buenos Aires y as\u00ed hacer frente al reclamo salarial de la Polic\u00eda.<\/strong><\/p>\n\n\n\n<p>Desde el Poder Ejecutivo prometen que garantizar\u00e1n esos fondos por otras v\u00edas. Rodr\u00edguez Larreta no se mostr\u00f3 conforme y brindar\u00e1 una conferencia de prensa hoy a las 17.<\/p>\n\n\n\n<figure class=\"wp-block-image size-large\"><img decoding=\"async\" src=\"https:\/\/www.infobae.com\/new-resizer\/t5zuyKdvtecE9sORx18uwY4L2uo=\/768x432\/filters:format(jpg):quality(85)\/cloudfront-us-east-1.images.arcpublishing.com\/infobae\/QFZWAABNXZGAJOIWGM7ZE64L3A.jpg\" alt=\"\"\/><\/figure>\n\n\n\n<p><strong>El Decreto:<\/strong><\/p>\n\n\n\n<p>En primer lugar, el art\u00edculo 1 estableci\u00f3 que \u201ca partir de la entrada en vigencia del presente y hasta la aprobaci\u00f3n por parte del Honorable Congreso de la Naci\u00f3n de la transferencia de las facultades y funciones de seguridad en todas las materias no federales ejercidas en la Ciudad Aut\u00f3noma de Buenos Aires, la participaci\u00f3n que le corresponde a dicha jurisdicci\u00f3n por aplicaci\u00f3n del art\u00edculo 8\u00b0 de la Ley N\u00b0 23.548 y sus modificaciones, se fija en un coeficiente equivalente al DOS COMA TREINTA Y DOS POR CIENTO (2,32%) sobre el monto total recaudado por los grav\u00e1menes establecidos en el art\u00edculo 2\u00b0 de la citada ley\u201d.<\/p>\n\n\n\n<p>Luego, el art\u00edculo 2 determin\u00f3 que, a partir de la aprobaci\u00f3n del Congreso del traspaso de las fuerzas de seguridad, \u201ccon la correspondiente asignaci\u00f3n de recursos en el marco de lo previsto por el art\u00edculo 75 inciso 2 de la Constituci\u00f3n Nacional\u201d, la participaci\u00f3n que le corresponde a la Ciudad \u201cse fijar\u00e1 en un coeficiente equivalente al UNO COMA CUARENTA POR CIENTO (1,40%)\u201d.<\/p>\n\n\n\n<p>A su vez, el Decreto aclar\u00f3 que \u201clas transferencias que requiera la implementaci\u00f3n de la participaci\u00f3n establecida en los art\u00edculos 1\u00ba y 2\u00ba de la presente medida se realizar\u00e1n a trav\u00e9s del Banco de la Naci\u00f3n Argentina\u201d y se dispuso la creaci\u00f3n del\u00a0<strong>Fondo de Fortalecimiento Fiscal de la Provincia de Buenos Aires<\/strong>, \u201cque tendr\u00e1 por objeto contribuir a sostener el normal funcionamiento de las finanzas\u201d del territorio que comanda el gobernador\u00a0<strong>Axel Kicillof<\/strong>.<\/p>\n","protected":false},"excerpt":{"rendered":"<p>Lo oficializ\u00f3 el presidente Alberto Fern\u00e1ndez, se quitar\u00e1 coparticipaci\u00f3n a la Capital Federal para trasferirlo a la provincia de Buenos Aires y solucionar el conflicto con la Polic\u00eda. Luego del gran clima de tensi\u00f3n que se vivi\u00f3 ayer a ra\u00edz de los reclamos de la Polic\u00eda Bonaerense para obtener una mejora salarial, el presidente Alberto [&hellip;]<\/p>\n","protected":false},"author":1,"featured_media":264841,"comment_status":"open","ping_status":"open","sticky":false,"template":"","format":"standard","meta":{"_stopmodifiedupdate":false,"_modified_date":"","inline_featured_image":false,"spay_email":"","jetpack_publicize_message":""},"categories":[501],"tags":[],"jetpack_featured_media_url":"https:\/\/notinor.com\/jujuy\/wp-content\/uploads\/2020\/09\/albert-fernandez.jpg","jetpack_publicize_connections":[],"_links":{"self":[{"href":"https:\/\/notinor.com\/jujuy\/wp-json\/wp\/v2\/posts\/264839"}],"collection":[{"href":"https:\/\/notinor.com\/jujuy\/wp-json\/wp\/v2\/posts"}],"about":[{"href":"https:\/\/notinor.com\/jujuy\/wp-json\/wp\/v2\/types\/post"}],"author":[{"embeddable":true,"href":"https:\/\/notinor.com\/jujuy\/wp-json\/wp\/v2\/users\/1"}],"replies":[{"embeddable":true,"href":"https:\/\/notinor.com\/jujuy\/wp-json\/wp\/v2\/comments?post=264839"}],"version-history":[{"count":1,"href":"https:\/\/notinor.com\/jujuy\/wp-json\/wp\/v2\/posts\/264839\/revisions"}],"predecessor-version":[{"id":264845,"href":"https:\/\/notinor.com\/jujuy\/wp-json\/wp\/v2\/posts\/264839\/revisions\/264845"}],"wp:featuredmedia":[{"embeddable":true,"href":"https:\/\/notinor.com\/jujuy\/wp-json\/wp\/v2\/media\/264841"}],"wp:attachment":[{"href":"https:\/\/notinor.com\/jujuy\/wp-json\/wp\/v2\/media?parent=264839"}],"wp:term":[{"taxonomy":"category","embeddable":true,"href":"https:\/\/notinor.com\/jujuy\/wp-json\/wp\/v2\/categories?post=264839"},{"taxonomy":"post_tag","embeddable":true,"href":"https:\/\/notinor.com\/jujuy\/wp-json\/wp\/v2\/tags?post=264839"}],"curies":[{"name":"wp","href":"https:\/\/api.w.org\/{rel}","templated":true}]}}