{"id":264834,"date":"2020-09-10T10:54:20","date_gmt":"2020-09-10T13:54:20","guid":{"rendered":"https:\/\/notinor.com\/jujuy\/?p=264834"},"modified":"2020-09-10T10:54:24","modified_gmt":"2020-09-10T13:54:24","slug":"mielitis-transversa-cual-es-la-enfermedad-por-la-que-suspendieron-los-ensayos-de-la-vacuna-de-oxford-contra-el-coronavirus","status":"publish","type":"post","link":"https:\/\/notinor.com\/jujuy\/mielitis-transversa-cual-es-la-enfermedad-por-la-que-suspendieron-los-ensayos-de-la-vacuna-de-oxford-contra-el-coronavirus\/","title":{"rendered":"Mielitis transversa: cu\u00e1l es la enfermedad por la que suspendieron los ensayos de la vacuna de Oxford contra el coronavirus"},"content":{"rendered":"\n<p>AstraZeneca no lo confirm\u00f3, pero seg\u00fan The New York Times un voluntario brit\u00e1nico sufri\u00f3 mielitis transversa, un s\u00edndrome inflamatorio que afecta la m\u00e9dula espinal.<\/p>\n\n\n\n<figure class=\"wp-block-image size-large\"><img decoding=\"async\" loading=\"lazy\" width=\"641\" height=\"480\" src=\"https:\/\/notinor.com\/jujuy\/wp-content\/uploads\/2020\/09\/mielitis-641x480.jpg\" alt=\"\" class=\"wp-image-264836\" srcset=\"https:\/\/notinor.com\/jujuy\/wp-content\/uploads\/2020\/09\/mielitis-641x480.jpg 641w, https:\/\/notinor.com\/jujuy\/wp-content\/uploads\/2020\/09\/mielitis-487x365.jpg 487w, https:\/\/notinor.com\/jujuy\/wp-content\/uploads\/2020\/09\/mielitis.jpg 750w\" sizes=\"(max-width: 641px) 100vw, 641px\" \/><\/figure>\n\n\n\n<p>El laboratorio sueco-brit\u00e1nico AstraZeneca y la Universidad de Oxford anunciaron el martes la interrupci\u00f3n de la fase 3 de los ensayos de su vacuna contra el coronavirus luego de que un voluntario del Reino Unido mostrara una \"reacci\u00f3n inesperada\" que le provoc\u00f3 un \"efecto adverso grave\".<\/p>\n\n\n\n<p>Seg\u00fan revel\u00f3 The New York Times y citaron tambi\u00e9n medios brit\u00e1nicos, el participante recibi\u00f3 un diagn\u00f3stico de mielitis transversa, un s\u00edndrome inflamatorio que afecta la m\u00e9dula espinal y que suele ser provocado por infecciones virales. Sin embargo, a\u00fan se desconoce el momento de este diagn\u00f3stico y si estuvo o no relacionado con la vacuna de AstraZeneca.<\/p>\n\n\n\n<p>\"La mielitis transversa puede ser el resultado de una serie de causas que desencadenan las respuestas inflamatorias del cuerpo, incluidas las infecciones virales\", explic\u00f3 la doctora Gabriella Garc\u00eda, neur\u00f3loga del Hospital Yale New Haven, al New York Times. La afecci\u00f3n, agreg\u00f3, \"se puede tratar con esteroides\".<\/p>\n\n\n\n<p>Por su parte, AstraZeneca se neg\u00f3 a comentar sobre el origen del participante y no confirm\u00f3 el diagn\u00f3stico de mielitis transversa. Voceros de la compa\u00f1\u00eda en Argentina se\u00f1alaron a Clar\u00edn que son \"versiones period\u00edsticas\". La compa\u00f1\u00eda emiti\u00f3 este mi\u00e9rcoles un comunicado en el que se\u00f1alo que esta \"pausa voluntaria\" es habitual en un estudio cl\u00ednico y se hizo con el objetivo de&nbsp; \u201cpermitir que un comit\u00e9 independiente revise los datos de seguridad de un \u00fanico evento de una enfermedad inexplicable\". La evaluaci\u00f3n de ese comit\u00e9 determinar\u00e1 cu\u00e1ndo podr\u00edan reiniciarse los ensayos.<\/p>\n\n\n\n<p>En tanto, el ministro de Salud brit\u00e1nico, Matt Hancock, tambi\u00e9n coincidi\u00f3 en que la suspensi\u00f3n del ensayo es \"un proceso normal mientras se investiga el problema\" y afirm\u00f3 que esa \"pausa no es necesariamente un contratiempo\".<\/p>\n\n\n\n<p>\"No presentaremos una vacuna a menos que sea seguro su uso\", afirm\u00f3 Hancock, al tiempo que sostuvo que no es la primera vez que sucede esto con la vacuna Oxford.<\/p>\n\n\n\n<p>Cuando se le pregunt\u00f3 si la suspensi\u00f3n retrasar\u00eda los intentos de encontrar una vacuna contra el coronavirus, dijo que \"no necesariamente\". \"Depende de lo que encuentren cuando hagan la investigaci\u00f3n\", sum\u00f3. Seg\u00fan el ministro, el proceso de investigaci\u00f3n podr\u00eda demorar entre tres y cuatro semanas y la vacuna no estar\u00e1 lista hasta principios del pr\u00f3ximo a\u00f1o.<\/p>\n\n\n\n<p>La vacuna en cuesti\u00f3n es la que el Gobierno nacional anunci\u00f3 que va a producirse en Argentina para distribuir en toda Am\u00e9rica Latina, excepto Brasil. Costar\u00e1 4 d\u00f3lares y ser\u00e1 la m\u00e1s econ\u00f3mica del mercado, porque se vender\u00e1 al costo.<\/p>\n\n\n\n<p>La producci\u00f3n, que en este momento est\u00e1 en una etapa preliminar, estar\u00e1 a cargo del laboratorio mAbxience, perteneciente al Grupo Insud, del empresario Hugo Sigman. De aprobarse la vacuna, en su planta de Gar\u00edn se elaborar\u00e1 la sustancia activa y luego se envasar\u00e1 en la farmac\u00e9utica Liomont en M\u00e9xico.<\/p>\n\n\n\n<p>Desde el laboratorio local, aseguraron que seguir\u00e1n con la transferencia tecnol\u00f3gica igual a lo previsto, m\u00e1s all\u00e1 de esta suspensi\u00f3n de los ensayos.<\/p>\n","protected":false},"excerpt":{"rendered":"<p>AstraZeneca no lo confirm\u00f3, pero seg\u00fan The New York Times un voluntario brit\u00e1nico sufri\u00f3 mielitis transversa, un s\u00edndrome inflamatorio que afecta la m\u00e9dula espinal. El laboratorio sueco-brit\u00e1nico AstraZeneca y la Universidad de Oxford anunciaron el martes la interrupci\u00f3n de la fase 3 de los ensayos de su vacuna contra el coronavirus luego de que un [&hellip;]<\/p>\n","protected":false},"author":5,"featured_media":264836,"comment_status":"open","ping_status":"open","sticky":false,"template":"","format":"standard","meta":{"_stopmodifiedupdate":false,"_modified_date":"","inline_featured_image":false,"spay_email":"","jetpack_publicize_message":""},"categories":[13],"tags":[],"jetpack_featured_media_url":"https:\/\/notinor.com\/jujuy\/wp-content\/uploads\/2020\/09\/mielitis.jpg","jetpack_publicize_connections":[],"_links":{"self":[{"href":"https:\/\/notinor.com\/jujuy\/wp-json\/wp\/v2\/posts\/264834"}],"collection":[{"href":"https:\/\/notinor.com\/jujuy\/wp-json\/wp\/v2\/posts"}],"about":[{"href":"https:\/\/notinor.com\/jujuy\/wp-json\/wp\/v2\/types\/post"}],"author":[{"embeddable":true,"href":"https:\/\/notinor.com\/jujuy\/wp-json\/wp\/v2\/users\/5"}],"replies":[{"embeddable":true,"href":"https:\/\/notinor.com\/jujuy\/wp-json\/wp\/v2\/comments?post=264834"}],"version-history":[{"count":1,"href":"https:\/\/notinor.com\/jujuy\/wp-json\/wp\/v2\/posts\/264834\/revisions"}],"predecessor-version":[{"id":264837,"href":"https:\/\/notinor.com\/jujuy\/wp-json\/wp\/v2\/posts\/264834\/revisions\/264837"}],"wp:featuredmedia":[{"embeddable":true,"href":"https:\/\/notinor.com\/jujuy\/wp-json\/wp\/v2\/media\/264836"}],"wp:attachment":[{"href":"https:\/\/notinor.com\/jujuy\/wp-json\/wp\/v2\/media?parent=264834"}],"wp:term":[{"taxonomy":"category","embeddable":true,"href":"https:\/\/notinor.com\/jujuy\/wp-json\/wp\/v2\/categories?post=264834"},{"taxonomy":"post_tag","embeddable":true,"href":"https:\/\/notinor.com\/jujuy\/wp-json\/wp\/v2\/tags?post=264834"}],"curies":[{"name":"wp","href":"https:\/\/api.w.org\/{rel}","templated":true}]}}