{"id":264829,"date":"2020-09-10T10:53:08","date_gmt":"2020-09-10T13:53:08","guid":{"rendered":"https:\/\/notinor.com\/jujuy\/?p=264829"},"modified":"2020-09-10T10:53:13","modified_gmt":"2020-09-10T13:53:13","slug":"san-pedro-volvera-a-cuarentena-estricta","status":"publish","type":"post","link":"https:\/\/notinor.com\/jujuy\/san-pedro-volvera-a-cuarentena-estricta\/","title":{"rendered":"San Pedro volver\u00e1 a cuarentena estricta"},"content":{"rendered":"\n<p>La medida comenzar\u00e1 a regir desde ma\u00f1ana, as\u00ed lo confirm\u00f3 el intendente Julio Bravo.<\/p>\n\n\n\n<figure class=\"wp-block-image size-large\"><img decoding=\"async\" loading=\"lazy\" width=\"840\" height=\"472\" src=\"https:\/\/notinor.com\/jujuy\/wp-content\/uploads\/2020\/09\/san-pedro-840x472.jpg\" alt=\"\" class=\"wp-image-264830\" srcset=\"https:\/\/notinor.com\/jujuy\/wp-content\/uploads\/2020\/09\/san-pedro-840x472.jpg 840w, https:\/\/notinor.com\/jujuy\/wp-content\/uploads\/2020\/09\/san-pedro-649x365.jpg 649w, https:\/\/notinor.com\/jujuy\/wp-content\/uploads\/2020\/09\/san-pedro-500x280.jpg 500w, https:\/\/notinor.com\/jujuy\/wp-content\/uploads\/2020\/09\/san-pedro-768x432.jpg 768w, https:\/\/notinor.com\/jujuy\/wp-content\/uploads\/2020\/09\/san-pedro-1536x864.jpg 1536w, https:\/\/notinor.com\/jujuy\/wp-content\/uploads\/2020\/09\/san-pedro-750x422.jpg 750w, https:\/\/notinor.com\/jujuy\/wp-content\/uploads\/2020\/09\/san-pedro-1140x641.jpg 1140w, https:\/\/notinor.com\/jujuy\/wp-content\/uploads\/2020\/09\/san-pedro.jpg 1689w\" sizes=\"(max-width: 840px) 100vw, 840px\" \/><\/figure>\n\n\n\n<p>Desde ma\u00f1ana a las 14 horas, y hasta el lunes a las 8 de la ma\u00f1ana, San Pedro mantendr\u00e1 todo cerrado. Haciendo una excepci\u00f3n para las farmacias de turno con modalidad de delivery y las estaciones de servicio, el Municipio sampedre\u00f1o determin\u00f3 el cierre total para toda la jurisdicci\u00f3n<\/p>\n\n\n\n<p>Las restricciones se toman teniendo en cuenta la cr\u00edtica situaci\u00f3n sanitaria que azota a la 'Perla del Ramal', hoy con el Hospital Guillermo Paterson desbordado y sin capacidad para recibir pacientes COVID cr\u00edticos. El intendente, Julio Bravo, no descart\u00f3 que la medida se extienda a las localidades de todo el departamento y de Santa B\u00e1rbara.<\/p>\n\n\n\n<p>Entonces, una vez concluida esta etapa, desde el lunes 14 de septiembre s\u00f3lo podr\u00e1n abrir peque\u00f1os negocios y supermercados de 8 a 15 horas, despu\u00e9s de ese horario estar\u00e1 prohibida la circulaci\u00f3n en toda la ciudad. De igual forma el servicio gastron\u00f3mico funcionar\u00e1 bajo la modalidad de delivery. No funcionar\u00e1 el Banco Macro, locales de pago de servicios, comercios grandes y se analiza cerrar la caja de cobro de EJESA.<\/p>\n\n\n\n<p>\"Esta situaci\u00f3n se va a mantener por unas semanas\", afirm\u00f3 el intendente Julio Bravo. Adem\u00e1s, el Jefe Comunal manifest\u00f3 que se eval\u00faa la posibilidad de\u00a0habilitar un sector de la escuela 201 \"Canuto Martinez\" con 10 camas para asistir a pacientes con coronavirus.<\/p>\n","protected":false},"excerpt":{"rendered":"<p>La medida comenzar\u00e1 a regir desde ma\u00f1ana, as\u00ed lo confirm\u00f3 el intendente Julio Bravo. Desde ma\u00f1ana a las 14 horas, y hasta el lunes a las 8 de la ma\u00f1ana, San Pedro mantendr\u00e1 todo cerrado. Haciendo una excepci\u00f3n para las farmacias de turno con modalidad de delivery y las estaciones de servicio, el Municipio sampedre\u00f1o [&hellip;]<\/p>\n","protected":false},"author":1,"featured_media":264830,"comment_status":"open","ping_status":"open","sticky":false,"template":"","format":"standard","meta":{"_stopmodifiedupdate":false,"_modified_date":"","inline_featured_image":false,"spay_email":"","jetpack_publicize_message":""},"categories":[4],"tags":[],"jetpack_featured_media_url":"https:\/\/notinor.com\/jujuy\/wp-content\/uploads\/2020\/09\/san-pedro.jpg","jetpack_publicize_connections":[],"_links":{"self":[{"href":"https:\/\/notinor.com\/jujuy\/wp-json\/wp\/v2\/posts\/264829"}],"collection":[{"href":"https:\/\/notinor.com\/jujuy\/wp-json\/wp\/v2\/posts"}],"about":[{"href":"https:\/\/notinor.com\/jujuy\/wp-json\/wp\/v2\/types\/post"}],"author":[{"embeddable":true,"href":"https:\/\/notinor.com\/jujuy\/wp-json\/wp\/v2\/users\/1"}],"replies":[{"embeddable":true,"href":"https:\/\/notinor.com\/jujuy\/wp-json\/wp\/v2\/comments?post=264829"}],"version-history":[{"count":1,"href":"https:\/\/notinor.com\/jujuy\/wp-json\/wp\/v2\/posts\/264829\/revisions"}],"predecessor-version":[{"id":264835,"href":"https:\/\/notinor.com\/jujuy\/wp-json\/wp\/v2\/posts\/264829\/revisions\/264835"}],"wp:featuredmedia":[{"embeddable":true,"href":"https:\/\/notinor.com\/jujuy\/wp-json\/wp\/v2\/media\/264830"}],"wp:attachment":[{"href":"https:\/\/notinor.com\/jujuy\/wp-json\/wp\/v2\/media?parent=264829"}],"wp:term":[{"taxonomy":"category","embeddable":true,"href":"https:\/\/notinor.com\/jujuy\/wp-json\/wp\/v2\/categories?post=264829"},{"taxonomy":"post_tag","embeddable":true,"href":"https:\/\/notinor.com\/jujuy\/wp-json\/wp\/v2\/tags?post=264829"}],"curies":[{"name":"wp","href":"https:\/\/api.w.org\/{rel}","templated":true}]}}