{"id":26482,"date":"2015-05-10T00:33:53","date_gmt":"2015-05-10T03:33:53","guid":{"rendered":"http:\/\/notinor.com\/jujuy\/?p=26482"},"modified":"2015-05-10T09:40:56","modified_gmt":"2015-05-10T12:40:56","slug":"limpieza-integral-en-adyacencia-de-la-ex-terminal-y-el-nestor-sequeiro","status":"publish","type":"post","link":"https:\/\/notinor.com\/jujuy\/limpieza-integral-en-adyacencia-de-la-ex-terminal-y-el-nestor-sequeiro\/","title":{"rendered":"Limpieza integral en adyacencia de la ex Terminal y el \u201cN\u00e9stor Sequeiro\u201d"},"content":{"rendered":"<p>Con benepl\u00e1cito fue recepcionada por los casuales transe\u00fantes, el operativo de limpieza integral efectuado por la Municipalidad de San Salvador de Jujuy en la zona de la ex Terminal, m\u00e1s precisamente en la escalera de acceso al barrio Casta\u00f1eda y Mariano Moreno; como as\u00ed tambi\u00e9n el lavado de veredas del hospital neuropsiqui\u00e1trico \u201cN\u00e9stor Sequeiro\u201d, complementado con desmalezamiento, macheteo y limpieza de canal.<\/p>\n<p>&nbsp;<\/p>\n<p>Personal de Higiene Urbana y Espacios Verdes dependiente de la Secretaria de Servicios P\u00fablicos llev\u00f3 a cabo un nuevo operativo integral de limpieza en la zona de la ex Terminal de \u00d3mnibus, en el marco del programa \u201cMi ciudad m\u00e1s limpia\u201d que cuenta con el respaldo pol\u00edtico del intendente arquitecto Ra\u00fal \u201cChuli\u201d Jorge.<\/p>\n<p>&nbsp;<\/p>\n<p>Hasta el lugar para cerciorarse sobre las tareas se apersonaron el secretario de Coordinaci\u00f3n de Gabinete, Dr. Ekel Meyer; el secretario de Gobierno, Carlos Alberto Tocon\u00e1s y el ingeniero Marcelo Molina, titular de la Direcci\u00f3n de Higiene Urbana.<\/p>\n<p>&nbsp;<\/p>\n<p>\u201cEn la zona de La Terminal hemos lavado las escaleras, un lugar muy transitado por los vecinos de Mariano Moreno y Casta\u00f1eda y tambi\u00e9n colaborando con las autoridades del neuropsiqui\u00e1trico \u201cN\u00e9stor Sequeiro\u201d, procedimos a la limpieza de sus veredas, dejando en condiciones de higiene y limpieza todo el sector aleda\u00f1o al mismo\u201d, explic\u00f3 Molina.<\/p>\n<p>&nbsp;<\/p>\n<p>\u201cComo tarea adjunta \u2013sigui\u00f3-, \u00a0se realizaron trabajos de desmalezamiento, macheteo y limpieza del canal paralelo a la calle Iguaz\u00fa (detr\u00e1s de la vieja Terminal)\u201d.<\/p>\n<p>&nbsp;<\/p>\n<p>Subray\u00f3 el funcionario que, \u201cpara el trabajo de lavado de veredas y escalera hemos solicitado la colaboraci\u00f3n a la firma LIMSA, que cuenta con un equipo de lavado con una potencia propia para dicha tarea que tambi\u00e9n participa del plan de limpieza integral de veredas, cordones cunetas y paredones\u201d.<\/p>\n<p>&nbsp;<\/p>\n<p>Por su parte Carlos Alberto Tocon\u00e1s, secretario de Gobierno, sostuvo que \u201cen la zona de La Terminal, mucha gente nos han pedido, que vengamos a limpiar y a realizar tareas de desmalezamiento cerca de la Escalera a la Terminal y al neuropsiqui\u00e1trico\u201d.<\/p>\n<p>&nbsp;<\/p>\n<p>Destac\u00f3 Tocon\u00e1s que, \u201cla Municipalidad sigue brindando un servicio todo el a\u00f1o y solucionando \u00a0el problema de la limpieza en la ciudad\u201d.<\/p>\n","protected":false},"excerpt":{"rendered":"<p>Con benepl\u00e1cito fue recepcionada por los casuales transe\u00fantes, el operativo de limpieza integral efectuado por la Municipalidad de San Salvador de Jujuy en la zona de la ex Terminal, m\u00e1s precisamente en la escalera de acceso al barrio Casta\u00f1eda y Mariano Moreno; como as\u00ed tambi\u00e9n el lavado de veredas del hospital neuropsiqui\u00e1trico \u201cN\u00e9stor Sequeiro\u201d, complementado [&hellip;]<\/p>\n","protected":false},"author":1,"featured_media":26486,"comment_status":"open","ping_status":"open","sticky":false,"template":"","format":"standard","meta":{"_stopmodifiedupdate":false,"_modified_date":"","inline_featured_image":false,"spay_email":"","jetpack_publicize_message":""},"categories":[2],"tags":[],"jetpack_featured_media_url":"https:\/\/notinor.com\/jujuy\/wp-content\/uploads\/2015\/05\/limpieza-vieja-terminal-1.jpg","jetpack_publicize_connections":[],"_links":{"self":[{"href":"https:\/\/notinor.com\/jujuy\/wp-json\/wp\/v2\/posts\/26482"}],"collection":[{"href":"https:\/\/notinor.com\/jujuy\/wp-json\/wp\/v2\/posts"}],"about":[{"href":"https:\/\/notinor.com\/jujuy\/wp-json\/wp\/v2\/types\/post"}],"author":[{"embeddable":true,"href":"https:\/\/notinor.com\/jujuy\/wp-json\/wp\/v2\/users\/1"}],"replies":[{"embeddable":true,"href":"https:\/\/notinor.com\/jujuy\/wp-json\/wp\/v2\/comments?post=26482"}],"version-history":[{"count":1,"href":"https:\/\/notinor.com\/jujuy\/wp-json\/wp\/v2\/posts\/26482\/revisions"}],"predecessor-version":[{"id":26487,"href":"https:\/\/notinor.com\/jujuy\/wp-json\/wp\/v2\/posts\/26482\/revisions\/26487"}],"wp:featuredmedia":[{"embeddable":true,"href":"https:\/\/notinor.com\/jujuy\/wp-json\/wp\/v2\/media\/26486"}],"wp:attachment":[{"href":"https:\/\/notinor.com\/jujuy\/wp-json\/wp\/v2\/media?parent=26482"}],"wp:term":[{"taxonomy":"category","embeddable":true,"href":"https:\/\/notinor.com\/jujuy\/wp-json\/wp\/v2\/categories?post=26482"},{"taxonomy":"post_tag","embeddable":true,"href":"https:\/\/notinor.com\/jujuy\/wp-json\/wp\/v2\/tags?post=26482"}],"curies":[{"name":"wp","href":"https:\/\/api.w.org\/{rel}","templated":true}]}}