{"id":26480,"date":"2015-05-10T00:29:39","date_gmt":"2015-05-10T03:29:39","guid":{"rendered":"http:\/\/notinor.com\/jujuy\/?p=26480"},"modified":"2015-05-10T09:34:06","modified_gmt":"2015-05-10T12:34:06","slug":"el-nuevo-policial-de-campanella-entre-canibales-en-telefe","status":"publish","type":"post","link":"https:\/\/notinor.com\/jujuy\/el-nuevo-policial-de-campanella-entre-canibales-en-telefe\/","title":{"rendered":"El nuevo policial de Campanella \u201cEntre Canibales\u201d en Telefe"},"content":{"rendered":"<p>Natalia Oreiro, Benjam\u00edn Vicu\u00f1a y Joaqu\u00edn Furriel protagonizan la nueva tira de Telef\u00e9, \"Entre can\u00edbales\" dirigida por Juan Jos\u00e9 Campanella, un thriller oscuro de excelente calidad f\u00edlmica, que se estrenara el mi\u00e9rcoles 20 de mayo, y se emitir\u00e1 de lunes a jueves a las 23, con repetici\u00f3n al d\u00eda siguiente por la se\u00f1al Fox Life que llega a 50 millones de hogares en Latinoam\u00e9rica.<\/p>\n<p>&nbsp;<\/p>\n<p>\"Entre Can\u00edbales\" cuenta la historia de Ariana (Oreiro), quien hace 20 a\u00f1os fue violada por un grupo de j\u00f3venes poderosos y regresa a la ciudad para vengarse, objetivo que se complica al descubrir que uno de aquellos ex adolescentes hoy es un pol\u00edtico poderoso, con firmes aspiraciones presidenciales (Furriel).<\/p>\n<p>&nbsp;<\/p>\n<p>Con la revancha y el dolor como banderas, la protagonista dise\u00f1a un plan y gradualmente logra relacionarse con los implicados en aquel hecho brutal que la marc\u00f3 para siempre, y en medio de su estrategia conocer\u00e1 al personaje de Benjam\u00edn Vicu\u00f1a, un asesor pol\u00edtico del candidato presidencial no muy respetado en el entorno de Furriel, quien gan\u00f3 algunos kilos para componer a su intensa criatura.<\/p>\n<p>&nbsp;<\/p>\n<p>Oreriro se acerca incialmente al actor chileno como parte de sus represalias,aunque luego surgir\u00e1 entre ambos un v\u00ednculo amoroso, capricho del azar capaz de complicar la meta original de la bella y atormentada Ariana.<\/p>\n<p>&nbsp;<\/p>\n<p>El trailer mostr\u00f3 im\u00e1genes filmadas a un ritmo vertiginoso, donde pudo verse a los tres int\u00e9rpretes transitando por roles bastante diferentes de los que juegan habitualmente, y fue muy aplaudido ayer durante la presentaci\u00f3n realizada en una sala de cine para 3 D extremo, situada en un shopping del barrio de Saavedra.<\/p>\n","protected":false},"excerpt":{"rendered":"<p>Natalia Oreiro, Benjam\u00edn Vicu\u00f1a y Joaqu\u00edn Furriel protagonizan la nueva tira de Telef\u00e9, \"Entre can\u00edbales\" dirigida por Juan Jos\u00e9 Campanella, un thriller oscuro de excelente calidad f\u00edlmica, que se estrenara el mi\u00e9rcoles 20 de mayo, y se emitir\u00e1 de lunes a jueves a las 23, con repetici\u00f3n al d\u00eda siguiente por la se\u00f1al Fox Life [&hellip;]<\/p>\n","protected":false},"author":1,"featured_media":26481,"comment_status":"open","ping_status":"open","sticky":false,"template":"","format":"standard","meta":{"_stopmodifiedupdate":false,"_modified_date":"","inline_featured_image":false,"spay_email":"","jetpack_publicize_message":""},"categories":[21],"tags":[],"jetpack_featured_media_url":"https:\/\/notinor.com\/jujuy\/wp-content\/uploads\/2015\/05\/entre-canibales.jpg","jetpack_publicize_connections":[],"_links":{"self":[{"href":"https:\/\/notinor.com\/jujuy\/wp-json\/wp\/v2\/posts\/26480"}],"collection":[{"href":"https:\/\/notinor.com\/jujuy\/wp-json\/wp\/v2\/posts"}],"about":[{"href":"https:\/\/notinor.com\/jujuy\/wp-json\/wp\/v2\/types\/post"}],"author":[{"embeddable":true,"href":"https:\/\/notinor.com\/jujuy\/wp-json\/wp\/v2\/users\/1"}],"replies":[{"embeddable":true,"href":"https:\/\/notinor.com\/jujuy\/wp-json\/wp\/v2\/comments?post=26480"}],"version-history":[{"count":1,"href":"https:\/\/notinor.com\/jujuy\/wp-json\/wp\/v2\/posts\/26480\/revisions"}],"predecessor-version":[{"id":26483,"href":"https:\/\/notinor.com\/jujuy\/wp-json\/wp\/v2\/posts\/26480\/revisions\/26483"}],"wp:featuredmedia":[{"embeddable":true,"href":"https:\/\/notinor.com\/jujuy\/wp-json\/wp\/v2\/media\/26481"}],"wp:attachment":[{"href":"https:\/\/notinor.com\/jujuy\/wp-json\/wp\/v2\/media?parent=26480"}],"wp:term":[{"taxonomy":"category","embeddable":true,"href":"https:\/\/notinor.com\/jujuy\/wp-json\/wp\/v2\/categories?post=26480"},{"taxonomy":"post_tag","embeddable":true,"href":"https:\/\/notinor.com\/jujuy\/wp-json\/wp\/v2\/tags?post=26480"}],"curies":[{"name":"wp","href":"https:\/\/api.w.org\/{rel}","templated":true}]}}