{"id":26467,"date":"2015-05-10T06:59:20","date_gmt":"2015-05-10T09:59:20","guid":{"rendered":"http:\/\/notinor.com\/jujuy\/?p=26467"},"modified":"2015-05-10T06:59:20","modified_gmt":"2015-05-10T09:59:20","slug":"luna-ana-q-e-p-d","status":"publish","type":"post","link":"https:\/\/notinor.com\/jujuy\/luna-ana-q-e-p-d\/","title":{"rendered":"LUNA, Ana (Q.E.P.D.)"},"content":{"rendered":"<p>Falleci\u00f3 el d\u00eda 09 de mayo de 2015. C.A.S.R. Y B.P. Sus hijos H\u00e9ctor Mario y Ren\u00e9 Flores, Juanita S\u00e1nchez, sus hijas pol\u00edticas Graciela Llanos y Adriana, sus sobrinos, primos, nietos y dem\u00e1s familiares invitan a sus amistades y personas piadosas acompa\u00f1ar sus restos mortales hoy 10 de mayo a hs. 15:00.al Cementerio Nuestra Sra. del Rosario. \u00a0FAE. Casa de Duelo, Sala Velatorio Independencia 1037 - S.S. de Jujuy. Servicio Empresa Iriarte San Martin 233. Tel\/Fax 0388-4222479 - Sepelio - Cremaciones Atencion las 24 hs.<\/p>\n","protected":false},"excerpt":{"rendered":"<p>Falleci\u00f3 el d\u00eda 09 de mayo de 2015. C.A.S.R. Y B.P. Sus hijos H\u00e9ctor Mario y Ren\u00e9 Flores, Juanita S\u00e1nchez, sus hijas pol\u00edticas Graciela Llanos y Adriana, sus sobrinos, primos, nietos y dem\u00e1s familiares invitan a sus amistades y personas piadosas acompa\u00f1ar sus restos mortales hoy 10 de mayo a hs. 15:00.al Cementerio Nuestra Sra. [&hellip;]<\/p>\n","protected":false},"author":5,"featured_media":18110,"comment_status":"open","ping_status":"open","sticky":false,"template":"","format":"standard","meta":{"_stopmodifiedupdate":false,"_modified_date":"","inline_featured_image":false,"spay_email":"","jetpack_publicize_message":""},"categories":[18],"tags":[],"jetpack_featured_media_url":"https:\/\/notinor.com\/jujuy\/wp-content\/uploads\/2015\/03\/Obituarios.jpg","jetpack_publicize_connections":[],"_links":{"self":[{"href":"https:\/\/notinor.com\/jujuy\/wp-json\/wp\/v2\/posts\/26467"}],"collection":[{"href":"https:\/\/notinor.com\/jujuy\/wp-json\/wp\/v2\/posts"}],"about":[{"href":"https:\/\/notinor.com\/jujuy\/wp-json\/wp\/v2\/types\/post"}],"author":[{"embeddable":true,"href":"https:\/\/notinor.com\/jujuy\/wp-json\/wp\/v2\/users\/5"}],"replies":[{"embeddable":true,"href":"https:\/\/notinor.com\/jujuy\/wp-json\/wp\/v2\/comments?post=26467"}],"version-history":[{"count":1,"href":"https:\/\/notinor.com\/jujuy\/wp-json\/wp\/v2\/posts\/26467\/revisions"}],"predecessor-version":[{"id":26468,"href":"https:\/\/notinor.com\/jujuy\/wp-json\/wp\/v2\/posts\/26467\/revisions\/26468"}],"wp:featuredmedia":[{"embeddable":true,"href":"https:\/\/notinor.com\/jujuy\/wp-json\/wp\/v2\/media\/18110"}],"wp:attachment":[{"href":"https:\/\/notinor.com\/jujuy\/wp-json\/wp\/v2\/media?parent=26467"}],"wp:term":[{"taxonomy":"category","embeddable":true,"href":"https:\/\/notinor.com\/jujuy\/wp-json\/wp\/v2\/categories?post=26467"},{"taxonomy":"post_tag","embeddable":true,"href":"https:\/\/notinor.com\/jujuy\/wp-json\/wp\/v2\/tags?post=26467"}],"curies":[{"name":"wp","href":"https:\/\/api.w.org\/{rel}","templated":true}]}}