{"id":26453,"date":"2015-05-10T00:03:12","date_gmt":"2015-05-10T03:03:12","guid":{"rendered":"http:\/\/notinor.com\/jujuy\/?p=26453"},"modified":"2015-05-09T21:06:44","modified_gmt":"2015-05-10T00:06:44","slug":"sergio-massa-quieren-callar-a-la-corte-porque-le-deben-tener-miedo-a-algun-fallo","status":"publish","type":"post","link":"https:\/\/notinor.com\/jujuy\/sergio-massa-quieren-callar-a-la-corte-porque-le-deben-tener-miedo-a-algun-fallo\/","title":{"rendered":"Sergio Massa:  \"Quieren callar a la Corte porque le deben tener miedo a alg\u00fan fallo\""},"content":{"rendered":"<p>El diputado y precandidato presidencial por el Frente Renovador (FR), Sergio Massa, asegur\u00f3 \u00a0que el Gobierno quiere \"callar\" a la Corte Suprema de Justicia porque debe tener \"miedo\" a alg\u00fan fallo, en referencia a los planteos contra el juez Carlos Fayt por su edad.<\/p>\n<p>\"Quieren callar a la Corte porque le deben tener miedo a alg\u00fan fallo. Quieren agarrar del cogote a un ministro de la Corte porque la quieren disminuir, y eso es resultado de un sector de la pol\u00edtica que se quiere llevar puesto el pa\u00eds\", apunt\u00f3 Massa durante su visita a las ciudades bonaerenses de Las Heras y Marcos Paz.<\/p>\n<p>Massa dijo que desde el Frente Renovador se van a \"plantar\" para que \"no se lleven por delante a Fayt ni a la Corte Suprema\".<\/p>\n<p>\"Mientras algunos pretenden transformar el Estado en una agencia de colocaci\u00f3n y poner gerentes, y hay otros que pretenden transformar la pol\u00edtica en una empresa, hay un grupo de hombres y mujeres j\u00f3venes que son los argentinos que tienen ganas de hacer las cosas bien\", se\u00f1al\u00f3.<\/p>\n<p>Massa sostuvo que \"lo m\u00e1s importante es no perder nunca de vista lo que pasa en la realidad\" ya que \"la gente es un motor y motivaci\u00f3n para seguir alimentando el sue\u00f1o de un pa\u00eds mejor\".<\/p>\n<p>\"Los argentinos el 26 de octubre se van a levantar a la ma\u00f1ana en un pa\u00eds que va a volver a alumbrar una justicia independiente\", consider\u00f3 el referente del FR.<\/p>\n<p>Participaron de la recorrida los candidatos locales Javier Osuna (Las Heras) y Enrique Quito Salzmann (Marcos Paz), y los diputados nacionales Felipe Sol\u00e1 y Mirta Tundis, entre otros..<\/p>\n","protected":false},"excerpt":{"rendered":"<p>El diputado y precandidato presidencial por el Frente Renovador (FR), Sergio Massa, asegur\u00f3 \u00a0que el Gobierno quiere \"callar\" a la Corte Suprema de Justicia porque debe tener \"miedo\" a alg\u00fan fallo, en referencia a los planteos contra el juez Carlos Fayt por su edad. \"Quieren callar a la Corte porque le deben tener miedo a [&hellip;]<\/p>\n","protected":false},"author":1,"featured_media":26454,"comment_status":"open","ping_status":"open","sticky":false,"template":"","format":"standard","meta":{"_stopmodifiedupdate":false,"_modified_date":"","inline_featured_image":false,"spay_email":"","jetpack_publicize_message":""},"categories":[5],"tags":[],"jetpack_featured_media_url":"https:\/\/notinor.com\/jujuy\/wp-content\/uploads\/2015\/05\/massa-corte.jpg","jetpack_publicize_connections":[],"_links":{"self":[{"href":"https:\/\/notinor.com\/jujuy\/wp-json\/wp\/v2\/posts\/26453"}],"collection":[{"href":"https:\/\/notinor.com\/jujuy\/wp-json\/wp\/v2\/posts"}],"about":[{"href":"https:\/\/notinor.com\/jujuy\/wp-json\/wp\/v2\/types\/post"}],"author":[{"embeddable":true,"href":"https:\/\/notinor.com\/jujuy\/wp-json\/wp\/v2\/users\/1"}],"replies":[{"embeddable":true,"href":"https:\/\/notinor.com\/jujuy\/wp-json\/wp\/v2\/comments?post=26453"}],"version-history":[{"count":1,"href":"https:\/\/notinor.com\/jujuy\/wp-json\/wp\/v2\/posts\/26453\/revisions"}],"predecessor-version":[{"id":26455,"href":"https:\/\/notinor.com\/jujuy\/wp-json\/wp\/v2\/posts\/26453\/revisions\/26455"}],"wp:featuredmedia":[{"embeddable":true,"href":"https:\/\/notinor.com\/jujuy\/wp-json\/wp\/v2\/media\/26454"}],"wp:attachment":[{"href":"https:\/\/notinor.com\/jujuy\/wp-json\/wp\/v2\/media?parent=26453"}],"wp:term":[{"taxonomy":"category","embeddable":true,"href":"https:\/\/notinor.com\/jujuy\/wp-json\/wp\/v2\/categories?post=26453"},{"taxonomy":"post_tag","embeddable":true,"href":"https:\/\/notinor.com\/jujuy\/wp-json\/wp\/v2\/tags?post=26453"}],"curies":[{"name":"wp","href":"https:\/\/api.w.org\/{rel}","templated":true}]}}