{"id":26441,"date":"2015-05-10T00:03:25","date_gmt":"2015-05-10T03:03:25","guid":{"rendered":"http:\/\/notinor.com\/jujuy\/?p=26441"},"modified":"2015-05-09T20:54:16","modified_gmt":"2015-05-09T23:54:16","slug":"peru-humala-envio-las-ffaa-a-controlar-una-protesta-antiminera","status":"publish","type":"post","link":"https:\/\/notinor.com\/jujuy\/peru-humala-envio-las-ffaa-a-controlar-una-protesta-antiminera\/","title":{"rendered":"Per\u00fa: Humala envi\u00f3 las FFAA a \"controlar\" una protesta antiminera"},"content":{"rendered":"<p>El presidente de Per\u00fa autoriz\u00f3 este s\u00e1bado a las Fuerzas Armadas intervenir en la provincia Islay, donde el conflicto antiminero se cobr\u00f3 hoy su tercera v\u00edctima mortal, un polic\u00eda, y ha dejado m\u00e1s de 200 heridos.<\/p>\n<p>Una resoluci\u00f3n suprema del Ministerio del Interior publicada hoy en el diario oficial El Peruano, con la firma del mandatario Ollanta Humala, orden\u00f3 a las Fuerzas Armadas apoyar a la Polic\u00eda para \"asegurar el control y mantenimiento del orden interno\" en Islay, ubicada en la regi\u00f3n de Arequipa, cuando se cumplen 48 d\u00edas de paro indefinido.<\/p>\n<p>Los militares tienen permiso para operar entre hoy y el 7 de junio y sus funciones se centrar\u00e1n en \"evitar actos de violencia y garantizar la plena vigencia del derecho a la libertad y seguridad personales y la libertad de tr\u00e1nsito por las v\u00edas y carreteras\", entre otros derechos.<\/p>\n<p>Las Fuerzas Armadas intervendr\u00e1n sin que se haya declarado el estado de emergencia en la zona, medida que fue evaluada por el Gobierno despu\u00e9s de los altercados violentos ocurridos el mi\u00e9rcoles en la ciudad de Mollendo, donde cuatro polic\u00edas fueron heridos, dos de ellos de gravedad, de los que uno falleci\u00f3 esta madrugada.<\/p>\n<p>Los ministros peruanos de Interior, Jose Luis P\u00e9rez Guadalupe; de Justicia, Gustavo Adrianz\u00e9n; y de Defensa, Jakke Valakivi, tienen previsto viajar hoy a Islay para supervisar la llegada de los militares. \"En estos momentos (las Fuerzas Armadas) est\u00e1n resguardando ya puentes, t\u00faneles y todas las zonas de acceso y tr\u00e1nsito\", anunci\u00f3 Adrianz\u00e9n en un comunicado.<\/p>\n<p>El ministro peruano del Interior, Jos\u00e9 Luis P\u00e9rez Guadalupe, explic\u00f3 a Radio Programas del Per\u00fa (RPP) que la Polic\u00eda seguir\u00e1 teniendo el control en la zona mientras no se declare el estado de emergencia.<\/p>\n<p>\"El decreto legislativo 1095 faculta el apoyo de las Fuerzas Armadas a la Polic\u00eda cuando esta se vea sobrepasada en su capacidad de control del orden interno. Decretar el estado de emergencia es ya la \u00faltima medida\", explic\u00f3 P\u00e9rez Guadalupe.<\/p>\n<p>El ministro del Interior anunci\u00f3 el viernes el env\u00edo de 2.000 agentes en los pr\u00f3ximos d\u00edas a Islay para reforzar la seguridad de la zona.<\/p>\n<p>Adrianz\u00e9n y P\u00e9rez Guadalupe lamentaron el fallecimiento del polic\u00eda Alberto V\u00e1squez, quien se convirti\u00f3 hoy en la tercera v\u00edctima mortal del conflicto desde que se iniciara el paro indefinido el 23 de marzo, en cuyas protestas ya murieron dos civiles en las \u00faltimas semanas, uno de ellos por impacto de bala.<\/p>\n<p>V\u00e1squez permaneci\u00f3 tres d\u00edas hospitalizado a causa de una fractura de cr\u00e1neo sufrida tras ser golpeado por un grupo de manifestantes con piedras y cadenas met\u00e1licas, seg\u00fan los testigos.<\/p>\n<p>Los ministros de Justicia e Interior culparon de la muerte del polic\u00eda al presidente del Frente de Defensa del Valle de Tambo, Pepe Julio Guti\u00e9rrez. El Gobierno denunci\u00f3 el viernes a Guti\u00e9rrez ante la Fiscal\u00eda tras difundirse una conversaci\u00f3n telef\u00f3nica donde presuntamente aseguraba negociar una cantidad econ\u00f3mica a cambio de levantar la protesta.<\/p>\n<p>La ministra peruana de Energ\u00eda y Minas, Rosa Mar\u00eda Ortiz, expres\u00f3 hoy a RPP la disposici\u00f3n del Gobierno de continuar el di\u00e1logo con los opositores al proyecto minero, frustrado en dos ocasiones, pero pidi\u00f3 \"interlocutores v\u00e1lidos\", al considerar que Guti\u00e9rrez qued\u00f3 cuestionado por los audios.<\/p>\n<p>La minera Southern Copper, filial del Grupo M\u00e9xico, anunci\u00f3 el pasado 27 de marzo que seguir\u00e1 desarrollando el proyecto, horas despu\u00e9s de que su vocero oficial en Per\u00fa anunciara su cancelaci\u00f3n por lo que defini\u00f3 como \"terrorismo antiminero\".<\/p>\n<p>Southern contempla la inversi\u00f3n de unos 1.200 millones de d\u00f3lares para la construcci\u00f3n de T\u00eda Mar\u00eda, cuya producci\u00f3n estimada es de 120.000 toneladas m\u00e9tricas anuales de c\u00e1todos de cobre a partir del inicio de sus operaciones.<\/p>\n","protected":false},"excerpt":{"rendered":"<p>El presidente de Per\u00fa autoriz\u00f3 este s\u00e1bado a las Fuerzas Armadas intervenir en la provincia Islay, donde el conflicto antiminero se cobr\u00f3 hoy su tercera v\u00edctima mortal, un polic\u00eda, y ha dejado m\u00e1s de 200 heridos. Una resoluci\u00f3n suprema del Ministerio del Interior publicada hoy en el diario oficial El Peruano, con la firma del [&hellip;]<\/p>\n","protected":false},"author":1,"featured_media":26442,"comment_status":"open","ping_status":"open","sticky":false,"template":"","format":"standard","meta":{"_stopmodifiedupdate":false,"_modified_date":"","inline_featured_image":false,"spay_email":"","jetpack_publicize_message":""},"categories":[6],"tags":[],"jetpack_featured_media_url":"https:\/\/notinor.com\/jujuy\/wp-content\/uploads\/2015\/05\/peru-protesta-minera.jpg","jetpack_publicize_connections":[],"_links":{"self":[{"href":"https:\/\/notinor.com\/jujuy\/wp-json\/wp\/v2\/posts\/26441"}],"collection":[{"href":"https:\/\/notinor.com\/jujuy\/wp-json\/wp\/v2\/posts"}],"about":[{"href":"https:\/\/notinor.com\/jujuy\/wp-json\/wp\/v2\/types\/post"}],"author":[{"embeddable":true,"href":"https:\/\/notinor.com\/jujuy\/wp-json\/wp\/v2\/users\/1"}],"replies":[{"embeddable":true,"href":"https:\/\/notinor.com\/jujuy\/wp-json\/wp\/v2\/comments?post=26441"}],"version-history":[{"count":1,"href":"https:\/\/notinor.com\/jujuy\/wp-json\/wp\/v2\/posts\/26441\/revisions"}],"predecessor-version":[{"id":26443,"href":"https:\/\/notinor.com\/jujuy\/wp-json\/wp\/v2\/posts\/26441\/revisions\/26443"}],"wp:featuredmedia":[{"embeddable":true,"href":"https:\/\/notinor.com\/jujuy\/wp-json\/wp\/v2\/media\/26442"}],"wp:attachment":[{"href":"https:\/\/notinor.com\/jujuy\/wp-json\/wp\/v2\/media?parent=26441"}],"wp:term":[{"taxonomy":"category","embeddable":true,"href":"https:\/\/notinor.com\/jujuy\/wp-json\/wp\/v2\/categories?post=26441"},{"taxonomy":"post_tag","embeddable":true,"href":"https:\/\/notinor.com\/jujuy\/wp-json\/wp\/v2\/tags?post=26441"}],"curies":[{"name":"wp","href":"https:\/\/api.w.org\/{rel}","templated":true}]}}