{"id":264135,"date":"2020-09-07T11:28:39","date_gmt":"2020-09-07T14:28:39","guid":{"rendered":"https:\/\/notinor.com\/jujuy\/?p=264135"},"modified":"2020-09-07T12:40:58","modified_gmt":"2020-09-07T15:40:58","slug":"yala-intendente-y-concejales-reduciran-sus-sueldos-para-contratar-una-medica","status":"publish","type":"post","link":"https:\/\/notinor.com\/jujuy\/yala-intendente-y-concejales-reduciran-sus-sueldos-para-contratar-una-medica\/","title":{"rendered":"Yala: intendente y concejales reducir\u00e1n sus sueldos para contratar personal m\u00e9dico"},"content":{"rendered":"\n<p>As\u00ed lo confirm\u00f3 el comisionado municipal de la localidad, Santiago Tiz\u00f3n. El dinero ser\u00e1 destinado para contratar una m\u00e9dica que colabore con el seguimiento a los pacientes de Yala.<\/p>\n\n\n\n<figure class=\"wp-block-image size-large\"><img decoding=\"async\" loading=\"lazy\" width=\"720\" height=\"350\" src=\"https:\/\/notinor.com\/jujuy\/wp-content\/uploads\/2020\/09\/consejo-de-yala.jpg\" alt=\"\" class=\"wp-image-264139\" srcset=\"https:\/\/notinor.com\/jujuy\/wp-content\/uploads\/2020\/09\/consejo-de-yala.jpg 720w, https:\/\/notinor.com\/jujuy\/wp-content\/uploads\/2020\/09\/consejo-de-yala-660x321.jpg 660w\" sizes=\"(max-width: 720px) 100vw, 720px\" \/><\/figure>\n\n\n\n<p>En horas de la ma\u00f1ana el comisionado municipal de Yal\u00e1, Santiago Tiz\u00f3n, anunci\u00f3 en una conferencia de prensa la nueva medida que adoptar\u00e1 el Municipio ante el incremento de casos de coronavirus. Los funcionarios tomaron la decisi\u00f3n de reducir sus salarios y utilizar\u00e1n esos recursos para contratar una m\u00e9dica que se sume a los seguimientos de los pacientes confirmados en la localidad.<\/p>\n\n\n\n<p>Para ello, el intendente Tiz\u00f3n convoc\u00f3 a una sesi\u00f3n extraordinaria del Consejo Deliberante para oficializar la medida. El intendente y los concejales reducir\u00e1n $10.000 pesos de sus sueldos para pagarle a una m\u00e9dica particular que pueda realizar el seguimiento de los casos de COVID-19.<\/p>\n\n\n\n<p>Al respecto, Tiz\u00f3n expres\u00f3: \"Desde nuestra parte queremos apoyar la salud primaria y colaborar con la detecci\u00f3n temprana de la enfermedad. No queremos que el sistema colapse\", luego envi\u00f3 un mensaje directo a los ciudadanos de la localidad: \"Si tienen s\u00edntomas cont\u00e1ctense con nosotros as\u00ed podemos derivarlos oportunamente al centro de salud y realizar el seguimiento adecuado\".<\/p>\n\n\n\n<p>Actualmente la localidad de Yala cuenta con 50 casos confirmados y registra un deceso desde el inicio de la pandemia. Sobre esto, el Intendente manifest\u00f3 que pudieron brindar atenci\u00f3n m\u00e9dica a todos de manera virtual y que la llegada de la nueva m\u00e9dica les permitir\u00e1 realizar seguimientos presenciales para los pacientes que lo necesiten.<\/p>\n","protected":false},"excerpt":{"rendered":"<p>As\u00ed lo confirm\u00f3 el comisionado municipal de la localidad, Santiago Tiz\u00f3n. El dinero ser\u00e1 destinado para contratar una m\u00e9dica que colabore con el seguimiento a los pacientes de Yala. En horas de la ma\u00f1ana el comisionado municipal de Yal\u00e1, Santiago Tiz\u00f3n, anunci\u00f3 en una conferencia de prensa la nueva medida que adoptar\u00e1 el Municipio ante [&hellip;]<\/p>\n","protected":false},"author":1,"featured_media":264139,"comment_status":"open","ping_status":"open","sticky":false,"template":"","format":"standard","meta":{"_stopmodifiedupdate":false,"_modified_date":"","inline_featured_image":false,"spay_email":"","jetpack_publicize_message":""},"categories":[2],"tags":[],"jetpack_featured_media_url":"https:\/\/notinor.com\/jujuy\/wp-content\/uploads\/2020\/09\/consejo-de-yala.jpg","jetpack_publicize_connections":[],"_links":{"self":[{"href":"https:\/\/notinor.com\/jujuy\/wp-json\/wp\/v2\/posts\/264135"}],"collection":[{"href":"https:\/\/notinor.com\/jujuy\/wp-json\/wp\/v2\/posts"}],"about":[{"href":"https:\/\/notinor.com\/jujuy\/wp-json\/wp\/v2\/types\/post"}],"author":[{"embeddable":true,"href":"https:\/\/notinor.com\/jujuy\/wp-json\/wp\/v2\/users\/1"}],"replies":[{"embeddable":true,"href":"https:\/\/notinor.com\/jujuy\/wp-json\/wp\/v2\/comments?post=264135"}],"version-history":[{"count":3,"href":"https:\/\/notinor.com\/jujuy\/wp-json\/wp\/v2\/posts\/264135\/revisions"}],"predecessor-version":[{"id":264168,"href":"https:\/\/notinor.com\/jujuy\/wp-json\/wp\/v2\/posts\/264135\/revisions\/264168"}],"wp:featuredmedia":[{"embeddable":true,"href":"https:\/\/notinor.com\/jujuy\/wp-json\/wp\/v2\/media\/264139"}],"wp:attachment":[{"href":"https:\/\/notinor.com\/jujuy\/wp-json\/wp\/v2\/media?parent=264135"}],"wp:term":[{"taxonomy":"category","embeddable":true,"href":"https:\/\/notinor.com\/jujuy\/wp-json\/wp\/v2\/categories?post=264135"},{"taxonomy":"post_tag","embeddable":true,"href":"https:\/\/notinor.com\/jujuy\/wp-json\/wp\/v2\/tags?post=264135"}],"curies":[{"name":"wp","href":"https:\/\/api.w.org\/{rel}","templated":true}]}}