{"id":264134,"date":"2020-09-07T12:02:19","date_gmt":"2020-09-07T15:02:19","guid":{"rendered":"https:\/\/notinor.com\/jujuy\/?p=264134"},"modified":"2020-09-07T13:38:38","modified_gmt":"2020-09-07T16:38:38","slug":"ampliaran-las-ciclovias-del-parque-lineal-xibi-xibi","status":"publish","type":"post","link":"https:\/\/notinor.com\/jujuy\/ampliaran-las-ciclovias-del-parque-lineal-xibi-xibi\/","title":{"rendered":"Agregar\u00e1n ciclov\u00edas en el Parque Xibi-Xibi"},"content":{"rendered":"\n<p>Las obras se desarrollar\u00e1n en el lateral que da a calle 19 de Abril, se agregar\u00e1n tramos de sendas peatonales y ciclov\u00edas.<\/p>\n\n\n\n<figure class=\"wp-block-image size-large\"><img decoding=\"async\" loading=\"lazy\" width=\"827\" height=\"480\" src=\"https:\/\/notinor.com\/jujuy\/wp-content\/uploads\/2020\/09\/parque-lineal-827x480.jpg\" alt=\"\" class=\"wp-image-264147\" srcset=\"https:\/\/notinor.com\/jujuy\/wp-content\/uploads\/2020\/09\/parque-lineal-827x480.jpg 827w, https:\/\/notinor.com\/jujuy\/wp-content\/uploads\/2020\/09\/parque-lineal-629x365.jpg 629w, https:\/\/notinor.com\/jujuy\/wp-content\/uploads\/2020\/09\/parque-lineal-768x446.jpg 768w, https:\/\/notinor.com\/jujuy\/wp-content\/uploads\/2020\/09\/parque-lineal-750x435.jpg 750w, https:\/\/notinor.com\/jujuy\/wp-content\/uploads\/2020\/09\/parque-lineal.jpg 1077w\" sizes=\"(max-width: 827px) 100vw, 827px\" \/><\/figure>\n\n\n\n<p>El intendente capitalino, Ra\u00fal Jorge, y el secretario de Obras P\u00fablicas, Aldo Montiel, recorrieron el Parque lineal Xibi Xibi planificando un nuevo plan de movilidad urbana, consistente en nuevas sendas peatonales y ciclov\u00edas.<\/p>\n\n\n\n<p>El Intendente puntualiz\u00f3 que los planes urban\u00edsticos continuar\u00e1n con el plan de movilidad que permitir\u00e1 el acceso a bicicletas en el Parque Xibi Xibi, recorriendo la ciudad de Este a Oeste y viceversa. Permitiendo la circulaci\u00f3n ordenada evitando los cruces entre las personas teniendo en cuenta la situaci\u00f3n sanitaria.<\/p>\n\n\n\n<p>Ra\u00fal Jorge detall\u00f3 que se trabaj\u00f3 \"desde el Puente Gorriti hasta proximidades del vado de la avenida Almirante Brown, generando m\u00e1s de 300 metros lineales de la nueva caminer\u00eda encaradas por cuadrillas municipales\".<\/p>\n\n\n\n<p>Por su parte, Aldo Montiel se refiri\u00f3 al replanteo de agregar un segundo tramo que ir\u00e1 desde el Puente Arga\u00f1ar\u00e1z hacia el Puente Lavalle, generando 2200 metros nuevos de caminer\u00eda. Asimismo, desde el Puente Arga\u00f1araz hasta el vado del Xibi Xibi ser\u00e1 \"exclusivamente peatonal con una circulaci\u00f3n Oeste-Este, es decir, desde dicho puente hacia el vado\". Caso contrario por la caminer\u00eda del lado de la calle Hip\u00f3lito Yrigoyen que tendr\u00e1 una circulaci\u00f3n de Este-Oeste\".<\/p>\n","protected":false},"excerpt":{"rendered":"<p>Las obras se desarrollar\u00e1n en el lateral que da a calle 19 de Abril, se agregar\u00e1n tramos de sendas peatonales y ciclov\u00edas. El intendente capitalino, Ra\u00fal Jorge, y el secretario de Obras P\u00fablicas, Aldo Montiel, recorrieron el Parque lineal Xibi Xibi planificando un nuevo plan de movilidad urbana, consistente en nuevas sendas peatonales y ciclov\u00edas. [&hellip;]<\/p>\n","protected":false},"author":1,"featured_media":264147,"comment_status":"open","ping_status":"open","sticky":false,"template":"","format":"standard","meta":{"_stopmodifiedupdate":false,"_modified_date":"","inline_featured_image":false,"spay_email":"","jetpack_publicize_message":""},"categories":[2],"tags":[],"jetpack_featured_media_url":"https:\/\/notinor.com\/jujuy\/wp-content\/uploads\/2020\/09\/parque-lineal.jpg","jetpack_publicize_connections":[],"_links":{"self":[{"href":"https:\/\/notinor.com\/jujuy\/wp-json\/wp\/v2\/posts\/264134"}],"collection":[{"href":"https:\/\/notinor.com\/jujuy\/wp-json\/wp\/v2\/posts"}],"about":[{"href":"https:\/\/notinor.com\/jujuy\/wp-json\/wp\/v2\/types\/post"}],"author":[{"embeddable":true,"href":"https:\/\/notinor.com\/jujuy\/wp-json\/wp\/v2\/users\/1"}],"replies":[{"embeddable":true,"href":"https:\/\/notinor.com\/jujuy\/wp-json\/wp\/v2\/comments?post=264134"}],"version-history":[{"count":3,"href":"https:\/\/notinor.com\/jujuy\/wp-json\/wp\/v2\/posts\/264134\/revisions"}],"predecessor-version":[{"id":264190,"href":"https:\/\/notinor.com\/jujuy\/wp-json\/wp\/v2\/posts\/264134\/revisions\/264190"}],"wp:featuredmedia":[{"embeddable":true,"href":"https:\/\/notinor.com\/jujuy\/wp-json\/wp\/v2\/media\/264147"}],"wp:attachment":[{"href":"https:\/\/notinor.com\/jujuy\/wp-json\/wp\/v2\/media?parent=264134"}],"wp:term":[{"taxonomy":"category","embeddable":true,"href":"https:\/\/notinor.com\/jujuy\/wp-json\/wp\/v2\/categories?post=264134"},{"taxonomy":"post_tag","embeddable":true,"href":"https:\/\/notinor.com\/jujuy\/wp-json\/wp\/v2\/tags?post=264134"}],"curies":[{"name":"wp","href":"https:\/\/api.w.org\/{rel}","templated":true}]}}