{"id":26371,"date":"2015-05-09T09:54:30","date_gmt":"2015-05-09T12:54:30","guid":{"rendered":"http:\/\/notinor.com\/jujuy\/?p=26371"},"modified":"2015-05-09T09:54:30","modified_gmt":"2015-05-09T12:54:30","slug":"demorados-por-proteccion-ciudadana","status":"publish","type":"post","link":"https:\/\/notinor.com\/jujuy\/demorados-por-proteccion-ciudadana\/","title":{"rendered":"DEMORADOS POR PROTECCI\u00d3N CIUDADANA"},"content":{"rendered":"<p>Cuando los dos polic\u00edas del citado cuerpo, destinados a tareas de prevenci\u00f3n en sectores del barrio San Isidro, al encontrarse en las inmediaciones del predio de una empresa de colectivos, advirtieron la presencia de los dos sujetos, \u00e9stos al ver que los polic\u00edas se dirig\u00edan hacia ellos, se dieron a la fuga.<\/p>\n<p>Por esta raz\u00f3n y ante la presunci\u00f3n de habr\u00edan cometido un hecho il\u00edcito, los uniformados salieron en busca de los mismos logrando arrestarlos a pocos cuadras del lugar.<\/p>\n<p>Posteriormente los causantes fueron conducidos hasta la Comisaria Seccional 6\u00aa, donde quedaron demorados por averiguaci\u00f3n de antecedentes.<\/p>\n","protected":false},"excerpt":{"rendered":"<p>Cuando los dos polic\u00edas del citado cuerpo, destinados a tareas de prevenci\u00f3n en sectores del barrio San Isidro, al encontrarse en las inmediaciones del predio de una empresa de colectivos, advirtieron la presencia de los dos sujetos, \u00e9stos al ver que los polic\u00edas se dirig\u00edan hacia ellos, se dieron a la fuga. Por esta raz\u00f3n [&hellip;]<\/p>\n","protected":false},"author":1,"featured_media":1313,"comment_status":"open","ping_status":"open","sticky":false,"template":"","format":"standard","meta":{"_stopmodifiedupdate":false,"_modified_date":"","inline_featured_image":false},"categories":[3],"tags":[],"jetpack_featured_media_url":"https:\/\/notinor.com\/jujuy\/wp-content\/uploads\/2014\/10\/movil.jpg","_links":{"self":[{"href":"https:\/\/notinor.com\/jujuy\/wp-json\/wp\/v2\/posts\/26371"}],"collection":[{"href":"https:\/\/notinor.com\/jujuy\/wp-json\/wp\/v2\/posts"}],"about":[{"href":"https:\/\/notinor.com\/jujuy\/wp-json\/wp\/v2\/types\/post"}],"author":[{"embeddable":true,"href":"https:\/\/notinor.com\/jujuy\/wp-json\/wp\/v2\/users\/1"}],"replies":[{"embeddable":true,"href":"https:\/\/notinor.com\/jujuy\/wp-json\/wp\/v2\/comments?post=26371"}],"version-history":[{"count":1,"href":"https:\/\/notinor.com\/jujuy\/wp-json\/wp\/v2\/posts\/26371\/revisions"}],"predecessor-version":[{"id":26372,"href":"https:\/\/notinor.com\/jujuy\/wp-json\/wp\/v2\/posts\/26371\/revisions\/26372"}],"wp:featuredmedia":[{"embeddable":true,"href":"https:\/\/notinor.com\/jujuy\/wp-json\/wp\/v2\/media\/1313"}],"wp:attachment":[{"href":"https:\/\/notinor.com\/jujuy\/wp-json\/wp\/v2\/media?parent=26371"}],"wp:term":[{"taxonomy":"category","embeddable":true,"href":"https:\/\/notinor.com\/jujuy\/wp-json\/wp\/v2\/categories?post=26371"},{"taxonomy":"post_tag","embeddable":true,"href":"https:\/\/notinor.com\/jujuy\/wp-json\/wp\/v2\/tags?post=26371"}],"curies":[{"name":"wp","href":"https:\/\/api.w.org\/{rel}","templated":true}]}}