{"id":26369,"date":"2015-05-09T09:30:03","date_gmt":"2015-05-09T12:30:03","guid":{"rendered":"http:\/\/notinor.com\/jujuy\/?p=26369"},"modified":"2015-05-09T09:30:03","modified_gmt":"2015-05-09T12:30:03","slug":"lopez-abelardo-q-e-p-d","status":"publish","type":"post","link":"https:\/\/notinor.com\/jujuy\/lopez-abelardo-q-e-p-d\/","title":{"rendered":"L\u00d3PEZ, Abelardo (Q.E.P.D.)"},"content":{"rendered":"<p>Falleci\u00f3 el d\u00eda 08 de mayo de 2015. C.A.S.R. y B.P. a la edad de 88 a\u00f1os de edad. La familia Morales participan con profundo dolor su fallecimiento comunican a \u00a0sus amistades y personas piadosas que el sepelio de sus restos se realiz\u00f3 ayer 08 de mayo \u00a0 en el cementerio Parque El Jard\u00edn del Castillo. FAE. Casa de duelo Salas velatorios Empresa La Piedad. Ritual de homenaje empresa La Piedad. Salta 727. Tel\u00e9fono 4222487, l\u00ednea gratuita 0800-444-5274.<\/p>\n<div id=\"Socializer\"><\/div>\n<p>&nbsp;<\/p>\n","protected":false},"excerpt":{"rendered":"<p>Falleci\u00f3 el d\u00eda 08 de mayo de 2015. C.A.S.R. y B.P. a la edad de 88 a\u00f1os de edad. La familia Morales participan con profundo dolor su fallecimiento comunican a \u00a0sus amistades y personas piadosas que el sepelio de sus restos se realiz\u00f3 ayer 08 de mayo \u00a0 en el cementerio Parque El Jard\u00edn del [&hellip;]<\/p>\n","protected":false},"author":5,"featured_media":18110,"comment_status":"open","ping_status":"open","sticky":false,"template":"","format":"standard","meta":{"_stopmodifiedupdate":false,"_modified_date":"","inline_featured_image":false},"categories":[18],"tags":[],"jetpack_featured_media_url":"https:\/\/notinor.com\/jujuy\/wp-content\/uploads\/2015\/03\/Obituarios.jpg","_links":{"self":[{"href":"https:\/\/notinor.com\/jujuy\/wp-json\/wp\/v2\/posts\/26369"}],"collection":[{"href":"https:\/\/notinor.com\/jujuy\/wp-json\/wp\/v2\/posts"}],"about":[{"href":"https:\/\/notinor.com\/jujuy\/wp-json\/wp\/v2\/types\/post"}],"author":[{"embeddable":true,"href":"https:\/\/notinor.com\/jujuy\/wp-json\/wp\/v2\/users\/5"}],"replies":[{"embeddable":true,"href":"https:\/\/notinor.com\/jujuy\/wp-json\/wp\/v2\/comments?post=26369"}],"version-history":[{"count":1,"href":"https:\/\/notinor.com\/jujuy\/wp-json\/wp\/v2\/posts\/26369\/revisions"}],"predecessor-version":[{"id":26370,"href":"https:\/\/notinor.com\/jujuy\/wp-json\/wp\/v2\/posts\/26369\/revisions\/26370"}],"wp:featuredmedia":[{"embeddable":true,"href":"https:\/\/notinor.com\/jujuy\/wp-json\/wp\/v2\/media\/18110"}],"wp:attachment":[{"href":"https:\/\/notinor.com\/jujuy\/wp-json\/wp\/v2\/media?parent=26369"}],"wp:term":[{"taxonomy":"category","embeddable":true,"href":"https:\/\/notinor.com\/jujuy\/wp-json\/wp\/v2\/categories?post=26369"},{"taxonomy":"post_tag","embeddable":true,"href":"https:\/\/notinor.com\/jujuy\/wp-json\/wp\/v2\/tags?post=26369"}],"curies":[{"name":"wp","href":"https:\/\/api.w.org\/{rel}","templated":true}]}}