{"id":26361,"date":"2015-05-09T09:13:53","date_gmt":"2015-05-09T12:13:53","guid":{"rendered":"http:\/\/notinor.com\/jujuy\/?p=26361"},"modified":"2015-05-09T09:13:53","modified_gmt":"2015-05-09T12:13:53","slug":"lerma-rodolfo-adrian-q-e-p-d","status":"publish","type":"post","link":"https:\/\/notinor.com\/jujuy\/lerma-rodolfo-adrian-q-e-p-d\/","title":{"rendered":"LERMA, Rodolfo Adrian (Q.E.P.D.)"},"content":{"rendered":"<div>\u00a0Falleci\u00f3 el dia 08 de mayo de 2015. a hs. 09:00-. C.A.S.R. y B.P. a la edad de 79 a\u00f1os. Su esposa Laura Vittori; sus hijos Mar\u00eda Laura y Diana Mar\u00eda; sus hijos pol\u00edticos Abraham C\u00e1ceres y Joaqu\u00edn Torres; su hermana Vita Lerma; su nieto Laureano y dem\u00e1s familiares invitan a sus amistades y personas piadosas acompa\u00f1ar sus restos\u00a0mortales, hoy 09 de mayo a hs. 11:30 en el cementerio El Salvador. FAE. Casa de duelo sala velatoria de Previsi\u00f3n Social SRL. Independencia 1037. Jujuy. Servicio Previsi\u00f3n Social SRL. Avda. Hip\u00f3lito Yrygoyen 1160. Tel.0388-4224305. Jujuy<\/div>\n<p>&nbsp;<\/p>\n","protected":false},"excerpt":{"rendered":"<p>\u00a0Falleci\u00f3 el dia 08 de mayo de 2015. a hs. 09:00-. C.A.S.R. y B.P. a la edad de 79 a\u00f1os. Su esposa Laura Vittori; sus hijos Mar\u00eda Laura y Diana Mar\u00eda; sus hijos pol\u00edticos Abraham C\u00e1ceres y Joaqu\u00edn Torres; su hermana Vita Lerma; su nieto Laureano y dem\u00e1s familiares invitan a sus amistades y personas [&hellip;]<\/p>\n","protected":false},"author":5,"featured_media":18110,"comment_status":"open","ping_status":"open","sticky":false,"template":"","format":"standard","meta":{"_stopmodifiedupdate":false,"_modified_date":"","inline_featured_image":false},"categories":[18],"tags":[],"jetpack_featured_media_url":"https:\/\/notinor.com\/jujuy\/wp-content\/uploads\/2015\/03\/Obituarios.jpg","_links":{"self":[{"href":"https:\/\/notinor.com\/jujuy\/wp-json\/wp\/v2\/posts\/26361"}],"collection":[{"href":"https:\/\/notinor.com\/jujuy\/wp-json\/wp\/v2\/posts"}],"about":[{"href":"https:\/\/notinor.com\/jujuy\/wp-json\/wp\/v2\/types\/post"}],"author":[{"embeddable":true,"href":"https:\/\/notinor.com\/jujuy\/wp-json\/wp\/v2\/users\/5"}],"replies":[{"embeddable":true,"href":"https:\/\/notinor.com\/jujuy\/wp-json\/wp\/v2\/comments?post=26361"}],"version-history":[{"count":1,"href":"https:\/\/notinor.com\/jujuy\/wp-json\/wp\/v2\/posts\/26361\/revisions"}],"predecessor-version":[{"id":26367,"href":"https:\/\/notinor.com\/jujuy\/wp-json\/wp\/v2\/posts\/26361\/revisions\/26367"}],"wp:featuredmedia":[{"embeddable":true,"href":"https:\/\/notinor.com\/jujuy\/wp-json\/wp\/v2\/media\/18110"}],"wp:attachment":[{"href":"https:\/\/notinor.com\/jujuy\/wp-json\/wp\/v2\/media?parent=26361"}],"wp:term":[{"taxonomy":"category","embeddable":true,"href":"https:\/\/notinor.com\/jujuy\/wp-json\/wp\/v2\/categories?post=26361"},{"taxonomy":"post_tag","embeddable":true,"href":"https:\/\/notinor.com\/jujuy\/wp-json\/wp\/v2\/tags?post=26361"}],"curies":[{"name":"wp","href":"https:\/\/api.w.org\/{rel}","templated":true}]}}