{"id":26356,"date":"2015-05-09T09:01:16","date_gmt":"2015-05-09T12:01:16","guid":{"rendered":"http:\/\/notinor.com\/jujuy\/?p=26356"},"modified":"2015-05-09T09:01:16","modified_gmt":"2015-05-09T12:01:16","slug":"el-camino-hacia-el-futuro-es-el-trabajo-y-la-produccion","status":"publish","type":"post","link":"https:\/\/notinor.com\/jujuy\/el-camino-hacia-el-futuro-es-el-trabajo-y-la-produccion\/","title":{"rendered":"\u201cEl camino hacia el futuro es el trabajo y la producci\u00f3n\u201d"},"content":{"rendered":"<div class=\"\" align=\"center\"><b class=\"\"><span class=\"\">7\u00aa EXPODIN\u00c1MICA DEL NORTE<\/span><\/b><\/div>\n<div class=\"\" align=\"center\"><\/div>\n<div id=\"ecxyui_3_16_0_1_1431127470553_10801\" class=\"\"><span id=\"ecxyui_3_16_0_1_1431127470553_10800\" class=\"\">\u201cEl camino hacia el futuro es el trabajo y la producci\u00f3n\u201d expres\u00f3 Morales y destac\u00f3 que el principal desaf\u00edo de un nuevo gobierno ser\u00e1 potenciar la producci\u00f3n y estimular adem\u00e1s la diversificaci\u00f3n productiva, lo que permitir\u00e1 generar nuevas fuentes de empleo y recuperar la cultura del trabajo.<\/span><\/div>\n<div id=\"ecxyui_3_16_0_1_1431127470553_10797\" class=\"\"><span id=\"ecxyui_3_16_0_1_1431127470553_10796\" class=\"\">Morales \u00a0estuvo acompa\u00f1ado por el diputado nacional Mario Fiad, la diputada provincial Alejandra Mart\u00ednez y los concejales locales Karina Dibi y Luciano Demarco. Tras el acto inaugural el senador nacional y titular de la UCR juje\u00f1a visit\u00f3 los diferentes stands, entre ellos el de la Municipalidad de San Salvador de Jujuy. All\u00ed Morales felicit\u00f3 al Municipio que fue distinguido con el Premio a la Innovaci\u00f3n que entrega CIPPEC por la implementaci\u00f3n de la Feria Franca de Abastecimiento Vecinal Municipal (FAVEM).<\/span><\/div>\n<div id=\"ecxyui_3_16_0_1_1431127470553_10799\" class=\"\"><span id=\"ecxyui_3_16_0_1_1431127470553_10798\" class=\"\">Durante el recorrido por el predio, Morales destac\u00f3 la importancia de la Expodin\u00e1mica y subray\u00f3 la articulaci\u00f3n entre sociedad civil y los estados municipal y provincial para llevar adelante un encuentro donde puede observarse el potencial productivo de Jujuy. Tambien Morales se\u00f1al\u00f3 que paralelo Al desarrollo productivo, es preciso estimular el desarrollo cient\u00edfico y tecnol\u00f3gico para aportar a los procesos de diversificaci\u00f3n.<\/span><\/div>\n<div id=\"ecxyui_3_16_0_1_1431127470553_7759\"><\/div>\n<div id=\"ecxyui_3_16_0_1_1431127470553_7765\" class=\"\" dir=\"ltr\"><span id=\"ecxyui_3_16_0_1_1431127470553_7764\" class=\"\">Puso de relieve la importancia que tienen en la econom\u00eda regional la ca\u00f1a de az\u00facar y el tabaco, as\u00ed como las frutas y hortalizas, y se\u00f1al\u00f3 que junto con el fortalecimiento de los cultivos tradicionales urge acompa\u00f1ar el desarrollo de nuevas producciones, entre ellas la quinua.<\/span><\/div>\n","protected":false},"excerpt":{"rendered":"<p>7\u00aa EXPODIN\u00c1MICA DEL NORTE \u201cEl camino hacia el futuro es el trabajo y la producci\u00f3n\u201d expres\u00f3 Morales y destac\u00f3 que el principal desaf\u00edo de un nuevo gobierno ser\u00e1 potenciar la producci\u00f3n y estimular adem\u00e1s la diversificaci\u00f3n productiva, lo que permitir\u00e1 generar nuevas fuentes de empleo y recuperar la cultura del trabajo. Morales \u00a0estuvo acompa\u00f1ado por [&hellip;]<\/p>\n","protected":false},"author":1,"featured_media":26357,"comment_status":"open","ping_status":"open","sticky":false,"template":"","format":"standard","meta":{"_stopmodifiedupdate":false,"_modified_date":"","inline_featured_image":false},"categories":[485],"tags":[],"jetpack_featured_media_url":"https:\/\/notinor.com\/jujuy\/wp-content\/uploads\/2015\/05\/IMG_7667.jpg","_links":{"self":[{"href":"https:\/\/notinor.com\/jujuy\/wp-json\/wp\/v2\/posts\/26356"}],"collection":[{"href":"https:\/\/notinor.com\/jujuy\/wp-json\/wp\/v2\/posts"}],"about":[{"href":"https:\/\/notinor.com\/jujuy\/wp-json\/wp\/v2\/types\/post"}],"author":[{"embeddable":true,"href":"https:\/\/notinor.com\/jujuy\/wp-json\/wp\/v2\/users\/1"}],"replies":[{"embeddable":true,"href":"https:\/\/notinor.com\/jujuy\/wp-json\/wp\/v2\/comments?post=26356"}],"version-history":[{"count":1,"href":"https:\/\/notinor.com\/jujuy\/wp-json\/wp\/v2\/posts\/26356\/revisions"}],"predecessor-version":[{"id":26358,"href":"https:\/\/notinor.com\/jujuy\/wp-json\/wp\/v2\/posts\/26356\/revisions\/26358"}],"wp:featuredmedia":[{"embeddable":true,"href":"https:\/\/notinor.com\/jujuy\/wp-json\/wp\/v2\/media\/26357"}],"wp:attachment":[{"href":"https:\/\/notinor.com\/jujuy\/wp-json\/wp\/v2\/media?parent=26356"}],"wp:term":[{"taxonomy":"category","embeddable":true,"href":"https:\/\/notinor.com\/jujuy\/wp-json\/wp\/v2\/categories?post=26356"},{"taxonomy":"post_tag","embeddable":true,"href":"https:\/\/notinor.com\/jujuy\/wp-json\/wp\/v2\/tags?post=26356"}],"curies":[{"name":"wp","href":"https:\/\/api.w.org\/{rel}","templated":true}]}}