{"id":26355,"date":"2015-05-09T09:03:21","date_gmt":"2015-05-09T12:03:21","guid":{"rendered":"http:\/\/notinor.com\/jujuy\/?p=26355"},"modified":"2015-05-09T09:03:21","modified_gmt":"2015-05-09T12:03:21","slug":"fernandez-epifanio-q","status":"publish","type":"post","link":"https:\/\/notinor.com\/jujuy\/fernandez-epifanio-q\/","title":{"rendered":"FERNANDEZ, Epifanio (Q..)"},"content":{"rendered":"<p>Falleci\u00f3 el dia 08 de mayo de 2015. C.A.S.R.y B.P. Sus hermanos Ana y Te\u00f3filo; sus sobrinos y dem\u00e1s familiares comunican que sus restos ser\u00e1n inhumados hoy 09 de mayo a hs. 10:00, en el cementerio municipal de San Antonio. Ceremonial y honras f\u00fanebres Servicios Sociales Instituto del Norte SA. Patricias Argentinas 247. Tel.0388-4242818. San Salvador de Jujuy.<\/p>\n","protected":false},"excerpt":{"rendered":"<p>Falleci\u00f3 el dia 08 de mayo de 2015. C.A.S.R.y B.P. Sus hermanos Ana y Te\u00f3filo; sus sobrinos y dem\u00e1s familiares comunican que sus restos ser\u00e1n inhumados hoy 09 de mayo a hs. 10:00, en el cementerio municipal de San Antonio. Ceremonial y honras f\u00fanebres Servicios Sociales Instituto del Norte SA. Patricias Argentinas 247. Tel.0388-4242818. San [&hellip;]<\/p>\n","protected":false},"author":5,"featured_media":18110,"comment_status":"open","ping_status":"open","sticky":false,"template":"","format":"standard","meta":{"_stopmodifiedupdate":false,"_modified_date":"","inline_featured_image":false},"categories":[18],"tags":[],"jetpack_featured_media_url":"https:\/\/notinor.com\/jujuy\/wp-content\/uploads\/2015\/03\/Obituarios.jpg","_links":{"self":[{"href":"https:\/\/notinor.com\/jujuy\/wp-json\/wp\/v2\/posts\/26355"}],"collection":[{"href":"https:\/\/notinor.com\/jujuy\/wp-json\/wp\/v2\/posts"}],"about":[{"href":"https:\/\/notinor.com\/jujuy\/wp-json\/wp\/v2\/types\/post"}],"author":[{"embeddable":true,"href":"https:\/\/notinor.com\/jujuy\/wp-json\/wp\/v2\/users\/5"}],"replies":[{"embeddable":true,"href":"https:\/\/notinor.com\/jujuy\/wp-json\/wp\/v2\/comments?post=26355"}],"version-history":[{"count":1,"href":"https:\/\/notinor.com\/jujuy\/wp-json\/wp\/v2\/posts\/26355\/revisions"}],"predecessor-version":[{"id":26360,"href":"https:\/\/notinor.com\/jujuy\/wp-json\/wp\/v2\/posts\/26355\/revisions\/26360"}],"wp:featuredmedia":[{"embeddable":true,"href":"https:\/\/notinor.com\/jujuy\/wp-json\/wp\/v2\/media\/18110"}],"wp:attachment":[{"href":"https:\/\/notinor.com\/jujuy\/wp-json\/wp\/v2\/media?parent=26355"}],"wp:term":[{"taxonomy":"category","embeddable":true,"href":"https:\/\/notinor.com\/jujuy\/wp-json\/wp\/v2\/categories?post=26355"},{"taxonomy":"post_tag","embeddable":true,"href":"https:\/\/notinor.com\/jujuy\/wp-json\/wp\/v2\/tags?post=26355"}],"curies":[{"name":"wp","href":"https:\/\/api.w.org\/{rel}","templated":true}]}}