{"id":26336,"date":"2015-05-09T03:15:02","date_gmt":"2015-05-09T06:15:02","guid":{"rendered":"http:\/\/notinor.com\/jujuy\/?p=26336"},"modified":"2015-05-09T03:15:02","modified_gmt":"2015-05-09T06:15:02","slug":"jenefes-recorrio-escuelas-de-la-puna","status":"publish","type":"post","link":"https:\/\/notinor.com\/jujuy\/jenefes-recorrio-escuelas-de-la-puna\/","title":{"rendered":"Jenefes recorri\u00f3 escuelas de la Puna"},"content":{"rendered":"<p>El Vicegobernador Guillermo Jenefes visit\u00f2 la Puna y recorri\u00f3 escuelas primarias y secundarias para interiorizarse sobre su trabajo y necesidades. Hablo con padres, docentes y alumnos, estableci\u00f3 compromisos e hizo entrega de elementos que solicitaron los directivos.<\/p>\n<p>\u201cNuestra aspiraci\u00f3n es encontrarnos con las comunidades educativas y buscar soluciones conjuntas a los problemas y necesidades que tienen, seguimos desde la legislatura provincial apuntando al trabajo conjunto y la b\u00fasqueda de una igualdad de oportunidades para nuestros ni\u00f1os y j\u00f3venes \u201csostuvo Jenefes al finalizar el recorrido.<\/p>\n<p>Dijo adem\u00e1s que \u201cno solo se trata de recibir pedidos para satisfacer necesidades sino tambi\u00e9n de hacerle saber a los juje\u00f1os que quienes tenemos la responsabilidad de gobernar estamos al tanto de las realidades que nos rodean y que trabajamos para que muchas de las aspiraciones de nuestros comprovincianos se conviertan en realidades\u201d.<\/p>\n<p>Finalmente resalt\u00f3 el trabajo de los j\u00f3venes y docentes de las escuelas agrot\u00e9cnicas que trabajan sin descanso \u201cen la producci\u00f3n, utilizaci\u00f3n y mejoramiento de \u00a0la tierra, los cultivos y el ganado de la regi\u00f3n, elementos fundamentales para que cada d\u00eda logremos nuevas oportunidades en materia de reactivaci\u00f3n productiva para toda la provincia\u201d.<\/p>\n<p>En una primera instancia visito el Colegio Secundario N\u00ba18 de Coranzuli en el Departamento de Susques donde entrego una cocina industrial y utensilios para el comedor. Posteriormente se traslad\u00f3 a la localidad de Abdon Castro Tolay donde visit\u00f3 la Biblioteca Popular del lugar e hizo entrega de dos computadoras y un equipo de sonido para el trabajo social que esta entidad realiza y fue recibido en la Escuela Primaria N\u00ba 279 por docentes, padres y alumnos quienes le acercaron sus inquietudes.<\/p>\n<p>Finalmente visit\u00f2 y recorri\u00f3 las instalaciones de la Escuela de Alternancia N\u00ba5 de El Moreno donde tambi\u00e9n se interioriz\u00f3 del trabajo acad\u00e9mico que llevan adelante los diferentes talleres en los que trabajan los j\u00f3venes basados en la producci\u00f3n local.<\/p>\n<p>Participaron adem\u00e1s del recorrido el vicepresidente primero de la C\u00e1mara de Diputados, Dr. Guillermo Snopek, la diputada provincial Eva Cruz y el diputado provincial Manuel Soler.<\/p>\n","protected":false},"excerpt":{"rendered":"<p>El Vicegobernador Guillermo Jenefes visit\u00f2 la Puna y recorri\u00f3 escuelas primarias y secundarias para interiorizarse sobre su trabajo y necesidades. Hablo con padres, docentes y alumnos, estableci\u00f3 compromisos e hizo entrega de elementos que solicitaron los directivos. \u201cNuestra aspiraci\u00f3n es encontrarnos con las comunidades educativas y buscar soluciones conjuntas a los problemas y necesidades que [&hellip;]<\/p>\n","protected":false},"author":1,"featured_media":26338,"comment_status":"open","ping_status":"open","sticky":false,"template":"","format":"standard","meta":{"_stopmodifiedupdate":false,"_modified_date":"","inline_featured_image":false},"categories":[2],"tags":[],"jetpack_featured_media_url":"https:\/\/notinor.com\/jujuy\/wp-content\/uploads\/2015\/05\/DSC_0914.jpg","_links":{"self":[{"href":"https:\/\/notinor.com\/jujuy\/wp-json\/wp\/v2\/posts\/26336"}],"collection":[{"href":"https:\/\/notinor.com\/jujuy\/wp-json\/wp\/v2\/posts"}],"about":[{"href":"https:\/\/notinor.com\/jujuy\/wp-json\/wp\/v2\/types\/post"}],"author":[{"embeddable":true,"href":"https:\/\/notinor.com\/jujuy\/wp-json\/wp\/v2\/users\/1"}],"replies":[{"embeddable":true,"href":"https:\/\/notinor.com\/jujuy\/wp-json\/wp\/v2\/comments?post=26336"}],"version-history":[{"count":1,"href":"https:\/\/notinor.com\/jujuy\/wp-json\/wp\/v2\/posts\/26336\/revisions"}],"predecessor-version":[{"id":26339,"href":"https:\/\/notinor.com\/jujuy\/wp-json\/wp\/v2\/posts\/26336\/revisions\/26339"}],"wp:featuredmedia":[{"embeddable":true,"href":"https:\/\/notinor.com\/jujuy\/wp-json\/wp\/v2\/media\/26338"}],"wp:attachment":[{"href":"https:\/\/notinor.com\/jujuy\/wp-json\/wp\/v2\/media?parent=26336"}],"wp:term":[{"taxonomy":"category","embeddable":true,"href":"https:\/\/notinor.com\/jujuy\/wp-json\/wp\/v2\/categories?post=26336"},{"taxonomy":"post_tag","embeddable":true,"href":"https:\/\/notinor.com\/jujuy\/wp-json\/wp\/v2\/tags?post=26336"}],"curies":[{"name":"wp","href":"https:\/\/api.w.org\/{rel}","templated":true}]}}