{"id":262085,"date":"2020-08-26T19:12:26","date_gmt":"2020-08-26T22:12:26","guid":{"rendered":"https:\/\/notinor.com\/jujuy\/?p=262085"},"modified":"2020-08-26T19:19:24","modified_gmt":"2020-08-26T22:19:24","slug":"educacion-en-jujuy-no-habra-promocion-automatica","status":"publish","type":"post","link":"https:\/\/notinor.com\/jujuy\/educacion-en-jujuy-no-habra-promocion-automatica\/","title":{"rendered":"Educaci\u00f3n en Jujuy: no habr\u00e1 promoci\u00f3n autom\u00e1tica"},"content":{"rendered":"\n<p>As\u00ed lo confirm\u00f3 la ministra de Educaci\u00f3n, Isolda Calsina. Adem\u00e1s, el ciclo lectivo finalizar\u00e1 en diciembre.<\/p>\n\n\n\n<figure class=\"wp-block-image size-large\"><img decoding=\"async\" loading=\"lazy\" width=\"720\" height=\"412\" src=\"https:\/\/notinor.com\/jujuy\/wp-content\/uploads\/2020\/08\/isolda-calcina.jpg\" alt=\"\" class=\"wp-image-262088\" srcset=\"https:\/\/notinor.com\/jujuy\/wp-content\/uploads\/2020\/08\/isolda-calcina.jpg 720w, https:\/\/notinor.com\/jujuy\/wp-content\/uploads\/2020\/08\/isolda-calcina-638x365.jpg 638w\" sizes=\"(max-width: 720px) 100vw, 720px\" \/><\/figure>\n\n\n\n<p>En una entrevista con <em>Canal 7 de Jujuy<\/em>, la ministra de Educaci\u00f3n, Isolda Calsina, confirm\u00f3 que el ciclo lectivo 2020 finalizar\u00e1 en diciembre y no contar\u00e1 con promoci\u00f3n autom\u00e1tica de los alumnos en los distintos niveles educativos.<\/p>\n\n\n\n<p>La Ministra brind\u00f3 declaraciones tras conocerse el anuncio del Consejo Federal de Educaci\u00f3n en el que informaron que debido a la suspensi\u00f3n de las clases presenciales, ning\u00fan alumno repetir\u00e1\u00a0y la promoci\u00f3n reci\u00e9n se definir\u00e1 el a\u00f1o que viene.<\/p>\n\n\n\n<p>Si bien en un principio se busc\u00f3 que los estudiantes de 7\u00b0 grado y 5\u00b0 a\u00f1o del secundario finalicen adecuadamente sus ciclos lectivos ya que estos implican un desaf\u00edo y trabajo mayor para alcanzar la promoci\u00f3n; la Ministra fue contundente y explic\u00f3: \"estos alumnos van a terminar finalizando los estudios con certificado por lo que aprendieron, van a intensificar los aprendizajes en lugar de que los promovamos autom\u00e1ticamente\".<\/p>\n\n\n\n<p>Asimismo, Calsina agreg\u00f3: \"Tenemos nosotros la decisi\u00f3n y el trabajo de intensificar los aprendizajes en estos grados para que los chicos lleguen con todos los aprendizajes a diciembre cuando sea tiempo de finalizar las clases\".<\/p>\n\n\n\n<p>Respecto a la finalizaci\u00f3n del <strong>ciclo lectivo 2020<\/strong>; la ministra de Educaci\u00f3n explic\u00f3 que este se dar\u00e1 en el mes de diciembre ya que se brindaron todas las herramientas necesarias a docentes y alumnos para poder afrontar la pandemia como as\u00ed tambi\u00e9n, se vienen cumpliendo los objetivos pedag\u00f3gicos.<\/p>\n\n\n\n<p>Agreg\u00f3 adem\u00e1s: \"Somos una provincia que si bien la pandemia nos afect\u00f3, hemos podido tener r\u00e1pidamente instrumentos, gu\u00edas de trabajo y de acompa\u00f1amiento,\u00a0l\u00edneas de atenci\u00f3n y\u00a0una bater\u00eda completa de herramientas, por eso evaluamos que estamos en condiciones de finalizar en estos tres meses que nos quedan\".<\/p>\n\n\n\n<p>Calsina finaliz\u00f3: \"Consideramos que llegamos a fin de a\u00f1o con saberes indispensables, el objetivo pedag\u00f3gico se viene cumpliendo bien en Jujuy\", descartando la posibilidad de unificar los ciclos 2020-2021. Por \u00faltimo, agreg\u00f3 que est\u00e1n trabajando en \"estrategias adem\u00e1s de las que ya vienen en marcha\", para quienes hayan tenido vulnerabilidad por dificultades con la conectividad.<\/p>\n","protected":false},"excerpt":{"rendered":"<p>As\u00ed lo confirm\u00f3 la ministra de Educaci\u00f3n, Isolda Calsina. Adem\u00e1s, el ciclo lectivo finalizar\u00e1 en diciembre. En una entrevista con Canal 7 de Jujuy, la ministra de Educaci\u00f3n, Isolda Calsina, confirm\u00f3 que el ciclo lectivo 2020 finalizar\u00e1 en diciembre y no contar\u00e1 con promoci\u00f3n autom\u00e1tica de los alumnos en los distintos niveles educativos. La Ministra [&hellip;]<\/p>\n","protected":false},"author":1,"featured_media":262088,"comment_status":"open","ping_status":"open","sticky":false,"template":"","format":"standard","meta":{"_stopmodifiedupdate":false,"_modified_date":"","inline_featured_image":false,"spay_email":"","jetpack_publicize_message":""},"categories":[2],"tags":[],"jetpack_featured_media_url":"https:\/\/notinor.com\/jujuy\/wp-content\/uploads\/2020\/08\/isolda-calcina.jpg","jetpack_publicize_connections":[],"_links":{"self":[{"href":"https:\/\/notinor.com\/jujuy\/wp-json\/wp\/v2\/posts\/262085"}],"collection":[{"href":"https:\/\/notinor.com\/jujuy\/wp-json\/wp\/v2\/posts"}],"about":[{"href":"https:\/\/notinor.com\/jujuy\/wp-json\/wp\/v2\/types\/post"}],"author":[{"embeddable":true,"href":"https:\/\/notinor.com\/jujuy\/wp-json\/wp\/v2\/users\/1"}],"replies":[{"embeddable":true,"href":"https:\/\/notinor.com\/jujuy\/wp-json\/wp\/v2\/comments?post=262085"}],"version-history":[{"count":2,"href":"https:\/\/notinor.com\/jujuy\/wp-json\/wp\/v2\/posts\/262085\/revisions"}],"predecessor-version":[{"id":262090,"href":"https:\/\/notinor.com\/jujuy\/wp-json\/wp\/v2\/posts\/262085\/revisions\/262090"}],"wp:featuredmedia":[{"embeddable":true,"href":"https:\/\/notinor.com\/jujuy\/wp-json\/wp\/v2\/media\/262088"}],"wp:attachment":[{"href":"https:\/\/notinor.com\/jujuy\/wp-json\/wp\/v2\/media?parent=262085"}],"wp:term":[{"taxonomy":"category","embeddable":true,"href":"https:\/\/notinor.com\/jujuy\/wp-json\/wp\/v2\/categories?post=262085"},{"taxonomy":"post_tag","embeddable":true,"href":"https:\/\/notinor.com\/jujuy\/wp-json\/wp\/v2\/tags?post=262085"}],"curies":[{"name":"wp","href":"https:\/\/api.w.org\/{rel}","templated":true}]}}