{"id":261344,"date":"2020-08-23T12:41:54","date_gmt":"2020-08-23T15:41:54","guid":{"rendered":"https:\/\/notinor.com\/jujuy\/?p=261344"},"modified":"2020-08-23T12:41:59","modified_gmt":"2020-08-23T15:41:59","slug":"los-jujenos-conmemoraron-un-nuevo-aniversario-del-23-de-agosto","status":"publish","type":"post","link":"https:\/\/notinor.com\/jujuy\/los-jujenos-conmemoraron-un-nuevo-aniversario-del-23-de-agosto\/","title":{"rendered":"Los juje\u00f1os conmemoraron un nuevo aniversario del 23 de Agosto"},"content":{"rendered":"\n<p>En el marco de la celebraci\u00f3n por los 208 a\u00f1os de la gesta del \u00c9xodo Juje\u00f1o, y en un contexto de pandemia por el COVID-19, tuvo lugar la realizaci\u00f3n del Festival virtual \u201cSerenata al \u00c9xodo\u201d que los juje\u00f1os pudieron disfrutar a trav\u00e9s de la transmisi\u00f3n online que se hizo del mismo. Adem\u00e1s, v\u00eda zoom pudieron tener un rol activo mientras se realizaban las distintas presentaciones de los artistas que integraron la grilla anunciada.<\/p>\n\n\n\n<figure class=\"wp-block-image size-large\"><img decoding=\"async\" loading=\"lazy\" width=\"768\" height=\"434\" src=\"https:\/\/notinor.com\/jujuy\/wp-content\/uploads\/2020\/08\/SERENATA-1-768x434-1.jpg\" alt=\"\" class=\"wp-image-261345\" srcset=\"https:\/\/notinor.com\/jujuy\/wp-content\/uploads\/2020\/08\/SERENATA-1-768x434-1.jpg 768w, https:\/\/notinor.com\/jujuy\/wp-content\/uploads\/2020\/08\/SERENATA-1-768x434-1-646x365.jpg 646w, https:\/\/notinor.com\/jujuy\/wp-content\/uploads\/2020\/08\/SERENATA-1-768x434-1-750x424.jpg 750w\" sizes=\"(max-width: 768px) 100vw, 768px\" \/><\/figure>\n\n\n\n<p>Aprovechando las diversas herramientas tecnol\u00f3gicas e inform\u00e1ticas con que se cuentan en la actualidad, los juje\u00f1os desde sus hogares pudieron seguir minuto a minuto la transmisi\u00f3n online que se hizo en las redes sociales, y en otras plataformas como zoom.<\/p>\n\n\n\n<p>Justamente, a trav\u00e9s de esta \u00faltima aplicaci\u00f3n, se posibilit\u00f3 un rol m\u00e1s activo a los miles de juje\u00f1os que se sumaron al evento cultural que en esta ocasi\u00f3n, por motivos de la pandemia del COVID-19 tuvo que desarrollarse de manera online.<\/p>\n\n\n\n<figure class=\"wp-block-image size-large\"><img decoding=\"async\" loading=\"lazy\" width=\"840\" height=\"475\" src=\"https:\/\/notinor.com\/jujuy\/wp-content\/uploads\/2020\/08\/serenata-7-840x475.jpg\" alt=\"\" class=\"wp-image-261347\" srcset=\"https:\/\/notinor.com\/jujuy\/wp-content\/uploads\/2020\/08\/serenata-7-840x475.jpg 840w, https:\/\/notinor.com\/jujuy\/wp-content\/uploads\/2020\/08\/serenata-7-645x365.jpg 645w, https:\/\/notinor.com\/jujuy\/wp-content\/uploads\/2020\/08\/serenata-7-768x435.jpg 768w, https:\/\/notinor.com\/jujuy\/wp-content\/uploads\/2020\/08\/serenata-7-750x424.jpg 750w, https:\/\/notinor.com\/jujuy\/wp-content\/uploads\/2020\/08\/serenata-7.jpg 866w\" sizes=\"(max-width: 840px) 100vw, 840px\" \/><\/figure>\n","protected":false},"excerpt":{"rendered":"<p>En el marco de la celebraci\u00f3n por los 208 a\u00f1os de la gesta del \u00c9xodo Juje\u00f1o, y en un contexto de pandemia por el COVID-19, tuvo lugar la realizaci\u00f3n del Festival virtual \u201cSerenata al \u00c9xodo\u201d que los juje\u00f1os pudieron disfrutar a trav\u00e9s de la transmisi\u00f3n online que se hizo del mismo. Adem\u00e1s, v\u00eda zoom pudieron [&hellip;]<\/p>\n","protected":false},"author":37,"featured_media":261345,"comment_status":"open","ping_status":"open","sticky":false,"template":"","format":"standard","meta":{"_stopmodifiedupdate":false,"_modified_date":"","inline_featured_image":false,"spay_email":"","jetpack_publicize_message":""},"categories":[2],"tags":[],"jetpack_featured_media_url":"https:\/\/notinor.com\/jujuy\/wp-content\/uploads\/2020\/08\/SERENATA-1-768x434-1.jpg","jetpack_publicize_connections":[],"_links":{"self":[{"href":"https:\/\/notinor.com\/jujuy\/wp-json\/wp\/v2\/posts\/261344"}],"collection":[{"href":"https:\/\/notinor.com\/jujuy\/wp-json\/wp\/v2\/posts"}],"about":[{"href":"https:\/\/notinor.com\/jujuy\/wp-json\/wp\/v2\/types\/post"}],"author":[{"embeddable":true,"href":"https:\/\/notinor.com\/jujuy\/wp-json\/wp\/v2\/users\/37"}],"replies":[{"embeddable":true,"href":"https:\/\/notinor.com\/jujuy\/wp-json\/wp\/v2\/comments?post=261344"}],"version-history":[{"count":1,"href":"https:\/\/notinor.com\/jujuy\/wp-json\/wp\/v2\/posts\/261344\/revisions"}],"predecessor-version":[{"id":261348,"href":"https:\/\/notinor.com\/jujuy\/wp-json\/wp\/v2\/posts\/261344\/revisions\/261348"}],"wp:featuredmedia":[{"embeddable":true,"href":"https:\/\/notinor.com\/jujuy\/wp-json\/wp\/v2\/media\/261345"}],"wp:attachment":[{"href":"https:\/\/notinor.com\/jujuy\/wp-json\/wp\/v2\/media?parent=261344"}],"wp:term":[{"taxonomy":"category","embeddable":true,"href":"https:\/\/notinor.com\/jujuy\/wp-json\/wp\/v2\/categories?post=261344"},{"taxonomy":"post_tag","embeddable":true,"href":"https:\/\/notinor.com\/jujuy\/wp-json\/wp\/v2\/tags?post=261344"}],"curies":[{"name":"wp","href":"https:\/\/api.w.org\/{rel}","templated":true}]}}