{"id":261338,"date":"2020-08-23T12:18:23","date_gmt":"2020-08-23T15:18:23","guid":{"rendered":"https:\/\/notinor.com\/jujuy\/?p=261338"},"modified":"2020-08-23T12:18:28","modified_gmt":"2020-08-23T15:18:28","slug":"dia-internacional-para-el-recuerdo-del-comercio-de-esclavos-y-su-abolicion","status":"publish","type":"post","link":"https:\/\/notinor.com\/jujuy\/dia-internacional-para-el-recuerdo-del-comercio-de-esclavos-y-su-abolicion\/","title":{"rendered":"D\u00eda Internacional para el recuerdo del comercio de esclavos y su abolici\u00f3n"},"content":{"rendered":"\n<div class=\"wp-block-image\"><figure class=\"aligncenter is-resized\"><img decoding=\"async\" loading=\"lazy\" src=\"https:\/\/www.diainternacionalde.com\/imagenes\/dias\/08-23_dia-internacional-esclavos-abolicion.jpg\" alt=\"D\u00eda Internacional para el recuerdo del comercio de esclavos y su abolici\u00f3n\" width=\"474\" height=\"315\"\/><\/figure><\/div>\n\n\n\n<p>El 23 de agosto es el&nbsp;<strong>D\u00eda Internacional para el recuerdo del comercio de esclavos y su abolici\u00f3n<\/strong>. La raz\u00f3n de haber elegido este d\u00eda en particular se debe a la sublevaci\u00f3n de esclavos que tuvo lugar en Santo Domingo, hoy en d\u00eda conocido como Hait\u00ed, en el a\u00f1o 1791, donde no solo lograron la independencia de esa parte de la isla, sino que adem\u00e1s fueron el g\u00e9nesis para la abolici\u00f3n del comercio transatl\u00e1ntico de esclavos.<\/p>\n\n\n\n<p>En realidad, la trata de esclavos como comercio legal tuvo una duraci\u00f3n de un poco m\u00e1s de 400 a\u00f1os, durante los cuales se vendieron a m\u00e1s de 15 millones de hombres, mujeres y ni\u00f1os, como si fuesen ganado, para someterles a los trabajos m\u00e1s duros y a condiciones de vida infrahumana.<\/p>\n\n\n\n<p>Esta realidad es lo que llev\u00f3 a la ONU a decretar en 1998 el 23 de agosto como\u00a0<strong>D\u00eda Internacional para el recuerdo del comercio de esclavos y su abolici\u00f3n<\/strong>, no solo para recordar a las v\u00edctimas, sino para demostrar la importancia que tiene el respeto a los Derechos Humanos en el mundo.  <\/p>\n\n\n\n<figure class=\"wp-block-image\"><img decoding=\"async\" src=\"https:\/\/inkandcoffee1home.files.wordpress.com\/2019\/03\/img_01122018_220039_700_x_400_pc3adxel.jpg\" alt=\"Abolicionismo: una ut\u00f3pica realidad ante la prostituci\u00f3n \u2013 Ink and ...\"\/><\/figure>\n\n\n\n<h2>La Ruta del Esclavo una forma de conmemorar el D\u00eda Internacional para el recuerdo del comercio de esclavos y su abolici\u00f3n<\/h2>\n\n\n\n<p>La Ruta del Esclavo, es un proyecto intercultural que elabor\u00f3 la UNESCO, con el prop\u00f3sito de celebrar esta fecha. Se trata de efectuar un examen colectivo de las causas hist\u00f3ricas que dieron origen a este tipo de explotaci\u00f3n racial, estudiando tanto sus m\u00e9todos como las consecuencias de la tragedia. Tambi\u00e9n el proyecto busca conocer la forma en la que se origin\u00f3 la interacci\u00f3n entre \u00c1frica y Europa, a la que luego se sumar\u00eda Am\u00e9rica y el Caribe. El ideal que persigue la Ruta de Esclavos es el de no olvidar a los h\u00e9roes an\u00f3nimos por la libertad de toda una raza que se opusieron a los prejuicios raciales y a la explotaci\u00f3n humana.<\/p>\n\n\n\n<h2>\u00bfQu\u00e9 hacer para conmemorar este d\u00eda?<\/h2>\n\n\n\n<p>Lo m\u00e1s recomendable para celebrar el&nbsp;<strong>D\u00eda Internacional para el recuerdo del comercio de esclavos y su abolici\u00f3n<\/strong>, es asistir a charlas y simposios sobre el tema. Asistir a un acto cultural donde se exponga un poco de la cultura africana o documentales que muestren la lucha de los esclavos por su libertad. Tambi\u00e9n podr\u00edas transmitir estos valores a las futuras generaciones, educ\u00e1ndoles sobre estos hechos hist\u00f3ricos o proyect\u00e1ndoles pel\u00edculas como Amistad, El atlas de las nubes, el Color P\u00farpura o incluso una m\u00e1s reciente, titulada Diamante de Sangre, donde se demuestra como las personas siguen siendo esclavizadas en la actualidad.<\/p>\n","protected":false},"excerpt":{"rendered":"<p>El 23 de agosto es el&nbsp;D\u00eda Internacional para el recuerdo del comercio de esclavos y su abolici\u00f3n. La raz\u00f3n de haber elegido este d\u00eda en particular se debe a la sublevaci\u00f3n de esclavos que tuvo lugar en Santo Domingo, hoy en d\u00eda conocido como Hait\u00ed, en el a\u00f1o 1791, donde no solo lograron la independencia [&hellip;]<\/p>\n","protected":false},"author":40,"featured_media":261339,"comment_status":"open","ping_status":"open","sticky":false,"template":"","format":"standard","meta":{"_stopmodifiedupdate":false,"_modified_date":"","inline_featured_image":false,"spay_email":"","jetpack_publicize_message":""},"categories":[17,13],"tags":[],"jetpack_featured_media_url":"https:\/\/notinor.com\/jujuy\/wp-content\/uploads\/2020\/08\/img_01122018_220039_700_x_400_pc3adxel.jpg","jetpack_publicize_connections":[],"_links":{"self":[{"href":"https:\/\/notinor.com\/jujuy\/wp-json\/wp\/v2\/posts\/261338"}],"collection":[{"href":"https:\/\/notinor.com\/jujuy\/wp-json\/wp\/v2\/posts"}],"about":[{"href":"https:\/\/notinor.com\/jujuy\/wp-json\/wp\/v2\/types\/post"}],"author":[{"embeddable":true,"href":"https:\/\/notinor.com\/jujuy\/wp-json\/wp\/v2\/users\/40"}],"replies":[{"embeddable":true,"href":"https:\/\/notinor.com\/jujuy\/wp-json\/wp\/v2\/comments?post=261338"}],"version-history":[{"count":2,"href":"https:\/\/notinor.com\/jujuy\/wp-json\/wp\/v2\/posts\/261338\/revisions"}],"predecessor-version":[{"id":261341,"href":"https:\/\/notinor.com\/jujuy\/wp-json\/wp\/v2\/posts\/261338\/revisions\/261341"}],"wp:featuredmedia":[{"embeddable":true,"href":"https:\/\/notinor.com\/jujuy\/wp-json\/wp\/v2\/media\/261339"}],"wp:attachment":[{"href":"https:\/\/notinor.com\/jujuy\/wp-json\/wp\/v2\/media?parent=261338"}],"wp:term":[{"taxonomy":"category","embeddable":true,"href":"https:\/\/notinor.com\/jujuy\/wp-json\/wp\/v2\/categories?post=261338"},{"taxonomy":"post_tag","embeddable":true,"href":"https:\/\/notinor.com\/jujuy\/wp-json\/wp\/v2\/tags?post=261338"}],"curies":[{"name":"wp","href":"https:\/\/api.w.org\/{rel}","templated":true}]}}