{"id":26108,"date":"2015-05-07T00:02:17","date_gmt":"2015-05-07T03:02:17","guid":{"rendered":"http:\/\/notinor.com\/jujuy\/?p=26108"},"modified":"2015-05-06T23:26:29","modified_gmt":"2015-05-07T02:26:29","slug":"massa-lanzo-su-nuevo-ebook-que-expresa-las-ideas-y-el-proyecto-de-pais-del-frente-renovador","status":"publish","type":"post","link":"https:\/\/notinor.com\/jujuy\/massa-lanzo-su-nuevo-ebook-que-expresa-las-ideas-y-el-proyecto-de-pais-del-frente-renovador\/","title":{"rendered":"Massa lanz\u00f3 su nuevo eBook, que expresa \"las ideas y el proyecto de pa\u00eds\" del Frente Renovador"},"content":{"rendered":"<p>Serigio Massa se sum\u00f3 hoy a la ola de precandidatos presidenciales que presentaron en los \u00faltimos meses un libro propio, aunque le dio un sello distintivo: s\u00f3lo est\u00e1 disponible una versi\u00f3n digital. La presentaci\u00f3n fue en el Museo de Arte de Tigre y el diputado estuvo acompa\u00f1ado por el psicoanalista Jos\u00e9 Eduardo Abadi, adem\u00e1s de muchos de los dirigentes de su partido.<\/p>\n<p>\"El Cambio Justo\", tal como se denomina el eBook que se puede descargar gratis de internet, condensa en ocho cap\u00edtulos pasajes de su vida con los principales ejes de la propuesta del Frente Renovador. Tambi\u00e9n contiene un an\u00e1lisis del panorama que dejan doce a\u00f1os de gobiernos kirchneristas.<\/p>\n<p>\"En el Ebook est\u00e1n expresadas nuestras ideas y proyecto pa\u00eds. Creemos que muchos pol\u00edticos prometen y pocos se comprometen, nosotros elegimos comprometernos y firmar lo que asumimos como compromiso de cara al pa\u00eds\", dijo el legislador esta tarde.<\/p>\n<p>Massa precis\u00f3 que en el material detallan c\u00f3mo har\u00e1n para\" eliminar el impuesto a la ganancias a los trabajadores; c\u00f3mo darle seguridad; c\u00f3mo cambiar la matriz educativa; c\u00f3mo poner en marcha un sistema que permite que nuestros j\u00f3venes vuelvan al mercado del trabajo y no que est\u00e9n tirados en las esquinas; c\u00f3mo cambiar el sistema judicial y penal de la Argentina, y modificar el c\u00f3digo penal para que haya perpetua para narcos y violadores\", entre otros temas.<\/p>\n<p>Uno de los cap\u00edtulos a los que accedi\u00f3 Infobae por adelantado, \"Premios y castigos\", presenta un sombr\u00edo panorama de la actualidad: \"Este es el peor momento del pa\u00eds en materia de inseguridad, corrupci\u00f3n y narcotr\u00e1fico\", concluye.<\/p>\n<p>Durante los 55.000 kil\u00f3metros que asegura haber recorrido durante 2014, el ex intendente de Tigre fue tomando notas que m\u00e1s tarde se convirtieron en la base para el eBook, indicaron en su entorno. Similar fue el proceso que hizo su ahora aliado Jos\u00e9 Manuel De la Sota para el libro que present\u00f3 semanas atr\u00e1s, y que alberga un cap\u00edtulo inc\u00f3modo con cr\u00edticas a Massa, quien con seguridad ser\u00e1 su rival en las primarias en el frente Una Nueva Argentina (UNA). Como si quisiera cuidarse de eventuales arrepentimientos, en el de Massa apenas hay menciones a dirigentes de otros partidos.<\/p>\n<p>\"Muchos prometen. Nosotros nos comprometemos, lo firmamos y lo asumimos como valor de palabra para que a partir del 10 de diciembre cada argentino pueda con este libro venir y decirme 'Presidente, usted se comprometi\u00f3 a hacer esto'. Yo me comprometo que con nuestro equipo lo vamos a hacer, porque tenemos el mejor equipo de gobierno de la Argentina\", explic\u00f3.<\/p>\n<p>En la presentaci\u00f3n, el diputado se refiri\u00f3, adem\u00e1s, a la situaci\u00f3n que atraviesa por estos d\u00edas la Corte Suprema a ra\u00edz de los cuestionamientos que surgieron del kirchnerismo contra algunos de sus miembros. \"El Gobierno trata de agarrar del cogote a la corte porque debe de estar por sacar un fallo que no le gusta. Entonces presiona y cuestiona. O est\u00e1n f\u00f3bicos con la gente mayor y creen que el adulto mayor no sirve m\u00e1s y esto ser\u00eda un dato nuevo en la pol\u00edtica Argentina\", remarc\u00f3.<\/p>\n","protected":false},"excerpt":{"rendered":"<p>Serigio Massa se sum\u00f3 hoy a la ola de precandidatos presidenciales que presentaron en los \u00faltimos meses un libro propio, aunque le dio un sello distintivo: s\u00f3lo est\u00e1 disponible una versi\u00f3n digital. La presentaci\u00f3n fue en el Museo de Arte de Tigre y el diputado estuvo acompa\u00f1ado por el psicoanalista Jos\u00e9 Eduardo Abadi, adem\u00e1s de [&hellip;]<\/p>\n","protected":false},"author":1,"featured_media":26113,"comment_status":"open","ping_status":"open","sticky":false,"template":"","format":"standard","meta":{"_stopmodifiedupdate":false,"_modified_date":"","inline_featured_image":false},"categories":[5],"tags":[],"jetpack_featured_media_url":"https:\/\/notinor.com\/jujuy\/wp-content\/uploads\/2015\/05\/massa-ebook-2.jpg","_links":{"self":[{"href":"https:\/\/notinor.com\/jujuy\/wp-json\/wp\/v2\/posts\/26108"}],"collection":[{"href":"https:\/\/notinor.com\/jujuy\/wp-json\/wp\/v2\/posts"}],"about":[{"href":"https:\/\/notinor.com\/jujuy\/wp-json\/wp\/v2\/types\/post"}],"author":[{"embeddable":true,"href":"https:\/\/notinor.com\/jujuy\/wp-json\/wp\/v2\/users\/1"}],"replies":[{"embeddable":true,"href":"https:\/\/notinor.com\/jujuy\/wp-json\/wp\/v2\/comments?post=26108"}],"version-history":[{"count":1,"href":"https:\/\/notinor.com\/jujuy\/wp-json\/wp\/v2\/posts\/26108\/revisions"}],"predecessor-version":[{"id":26114,"href":"https:\/\/notinor.com\/jujuy\/wp-json\/wp\/v2\/posts\/26108\/revisions\/26114"}],"wp:featuredmedia":[{"embeddable":true,"href":"https:\/\/notinor.com\/jujuy\/wp-json\/wp\/v2\/media\/26113"}],"wp:attachment":[{"href":"https:\/\/notinor.com\/jujuy\/wp-json\/wp\/v2\/media?parent=26108"}],"wp:term":[{"taxonomy":"category","embeddable":true,"href":"https:\/\/notinor.com\/jujuy\/wp-json\/wp\/v2\/categories?post=26108"},{"taxonomy":"post_tag","embeddable":true,"href":"https:\/\/notinor.com\/jujuy\/wp-json\/wp\/v2\/tags?post=26108"}],"curies":[{"name":"wp","href":"https:\/\/api.w.org\/{rel}","templated":true}]}}