{"id":260553,"date":"2020-08-19T10:57:07","date_gmt":"2020-08-19T13:57:07","guid":{"rendered":"https:\/\/notinor.com\/jujuy\/?p=260553"},"modified":"2020-08-19T10:57:11","modified_gmt":"2020-08-19T13:57:11","slug":"asia-y-europa-podrian-dar-marcha-atras-con-su-nueva-normalidad-ante-los-rebrotes-de-covid-19","status":"publish","type":"post","link":"https:\/\/notinor.com\/jujuy\/asia-y-europa-podrian-dar-marcha-atras-con-su-nueva-normalidad-ante-los-rebrotes-de-covid-19\/","title":{"rendered":"Asia y Europa podr\u00edan dar marcha atr\u00e1s con su \u201cnueva normalidad\u201d ante los rebrotes de Covid-19"},"content":{"rendered":"\n<p>Los dos continentes donde la pandemia golpe\u00f3 fuerte a comienzos de a\u00f1o parecen haberse relajado en cuanto a las medidas de seguridad y sufre un rebrote de casos de coronavirus.<\/p>\n\n\n\n<figure class=\"wp-block-image size-large\"><img decoding=\"async\" loading=\"lazy\" width=\"750\" height=\"472\" src=\"https:\/\/notinor.com\/jujuy\/wp-content\/uploads\/2020\/08\/EUROPA-1.jpg\" alt=\"\" class=\"wp-image-260555\" srcset=\"https:\/\/notinor.com\/jujuy\/wp-content\/uploads\/2020\/08\/EUROPA-1.jpg 750w, https:\/\/notinor.com\/jujuy\/wp-content\/uploads\/2020\/08\/EUROPA-1-580x365.jpg 580w\" sizes=\"(max-width: 750px) 100vw, 750px\" \/><\/figure>\n\n\n\n<p>Espa\u00f1a tuvo este martes m\u00e1s de 5.000 nuevos casos de coronavirus. El n\u00famero tambi\u00e9n volvi\u00f3 a subir en Gran Breta\u00f1a, Francia y Alemania, por lo que muchos dirigentes de Europa piensan en volver a establecer medidas r\u00edgidas para detener la expansi\u00f3n del virus.<\/p>\n\n\n\n<p>Ante el incremento de casos, Madrid decidi\u00f3 implementar desde este mi\u00e9rcoles una dura medida de distanciamiento para que la gente no se re\u00fana hasta altas horas de la noche y decret\u00f3 el cierre de los locales de ocio nocturno (como bares de copas y discotecas) y la prohibici\u00f3n de fumar en la calle. Al mismo tiempo, el decreto estipula el uso de tapabocas para menores desde 6 a\u00f1os en adelante, se reduce la capacidad hotelera y gastron\u00f3mica y se proh\u00edbe comer en el transporte p\u00fablico.<\/p>\n\n\n\n<p>En algunas regiones espa\u00f1olas tambi\u00e9n a\u00f1adieron la prohibici\u00f3n de los \u201cparty boats\u201d y las fiestas que se celebren en piscinas o en instalaciones exteriores de hoteles, teniendo en cuenta que muchas personas est\u00e1n vacacionando.<\/p>\n\n\n\n<p>Sin embargo, Espa\u00f1a no es el \u00fanico pa\u00eds europeo en alerta. El Reino Unido notific\u00f3 la detecci\u00f3n de 1.089 nuevos casos de en las \u00faltimas 24 horas y se volvi\u00f3 a situar por encima de los mil positivos al d\u00eda, tras haber reducido esa cifra durante varios d\u00edas.<\/p>\n\n\n\n<p>Lo mismo sucede en Francia, donde volvieron a dispararse los contagios y se contabilizaron 2.238 nuevos pacientes con Covid-19, motivando que la Agencia de Salud P\u00fablica anunciara finalmente el uso obligatorio de tapabocas en los centros de trabajo.<\/p>\n\n\n\n<p>Italia se encuentra analizando varios brotes en mataderos de la regi\u00f3n de Lombard\u00eda, donde aseguran que la mediana de edad de los contagiados se ubica en los 35 a\u00f1os, mientras que en pleno pico de la pandemia dicho n\u00famero se ubicaba en la franja etaria de los 50-70.<\/p>\n\n\n\n<p>La situaci\u00f3n en Asia y el Pac\u00edfico preocupa como en Europa<\/p>\n\n\n\n<p>En Nueva Zelanda se analiza si el confinamiento podr\u00eda volver a extenderse m\u00e1s all\u00e1 del 26 de agosto. En Corea del Sur tambi\u00e9n encendieron las se\u00f1ales de alerta por un nuevo rebrote en la ciudad de Se\u00fal, donde ya llevan cinco d\u00edas consecutivos de incremento de casos.<\/p>\n\n\n\n<p>Desde el pasado domingo, Se\u00fal regres\u00f3 a un nivel 2 de distanciamiento social, el cual impide las reuniones de m\u00e1s de 100 personas y la asistencia de espectadores a los eventos deportivos.<\/p>\n","protected":false},"excerpt":{"rendered":"<p>Los dos continentes donde la pandemia golpe\u00f3 fuerte a comienzos de a\u00f1o parecen haberse relajado en cuanto a las medidas de seguridad y sufre un rebrote de casos de coronavirus. Espa\u00f1a tuvo este martes m\u00e1s de 5.000 nuevos casos de coronavirus. El n\u00famero tambi\u00e9n volvi\u00f3 a subir en Gran Breta\u00f1a, Francia y Alemania, por lo [&hellip;]<\/p>\n","protected":false},"author":5,"featured_media":260554,"comment_status":"open","ping_status":"open","sticky":false,"template":"","format":"standard","meta":{"_stopmodifiedupdate":false,"_modified_date":"","inline_featured_image":false,"spay_email":"","jetpack_publicize_message":""},"categories":[6],"tags":[],"jetpack_featured_media_url":"https:\/\/notinor.com\/jujuy\/wp-content\/uploads\/2020\/08\/EUROPA.jpg","jetpack_publicize_connections":[],"_links":{"self":[{"href":"https:\/\/notinor.com\/jujuy\/wp-json\/wp\/v2\/posts\/260553"}],"collection":[{"href":"https:\/\/notinor.com\/jujuy\/wp-json\/wp\/v2\/posts"}],"about":[{"href":"https:\/\/notinor.com\/jujuy\/wp-json\/wp\/v2\/types\/post"}],"author":[{"embeddable":true,"href":"https:\/\/notinor.com\/jujuy\/wp-json\/wp\/v2\/users\/5"}],"replies":[{"embeddable":true,"href":"https:\/\/notinor.com\/jujuy\/wp-json\/wp\/v2\/comments?post=260553"}],"version-history":[{"count":1,"href":"https:\/\/notinor.com\/jujuy\/wp-json\/wp\/v2\/posts\/260553\/revisions"}],"predecessor-version":[{"id":260556,"href":"https:\/\/notinor.com\/jujuy\/wp-json\/wp\/v2\/posts\/260553\/revisions\/260556"}],"wp:featuredmedia":[{"embeddable":true,"href":"https:\/\/notinor.com\/jujuy\/wp-json\/wp\/v2\/media\/260554"}],"wp:attachment":[{"href":"https:\/\/notinor.com\/jujuy\/wp-json\/wp\/v2\/media?parent=260553"}],"wp:term":[{"taxonomy":"category","embeddable":true,"href":"https:\/\/notinor.com\/jujuy\/wp-json\/wp\/v2\/categories?post=260553"},{"taxonomy":"post_tag","embeddable":true,"href":"https:\/\/notinor.com\/jujuy\/wp-json\/wp\/v2\/tags?post=260553"}],"curies":[{"name":"wp","href":"https:\/\/api.w.org\/{rel}","templated":true}]}}