{"id":260514,"date":"2020-08-19T09:05:17","date_gmt":"2020-08-19T12:05:17","guid":{"rendered":"https:\/\/notinor.com\/jujuy\/?p=260514"},"modified":"2020-08-19T09:40:32","modified_gmt":"2020-08-19T12:40:32","slug":"gusman-pedro-miguel-andres","status":"publish","type":"post","link":"https:\/\/notinor.com\/jujuy\/gusman-pedro-miguel-andres\/","title":{"rendered":"GUSMAN, Pedro Miguel Andr\u00e9s"},"content":{"rendered":"\n<p><strong>Falleci\u00f3 el d\u00eda 17 de agosto de 2020. C.A.S.R. y B.P., a la edad de 55 a\u00f1os. Su esposa: Silvina Suvelza; sus hijos: Tamara, \u00c9rica, Abel, Leila, Juan, Miguel, Andr\u00e9s, Valentino, Guillermo y Romina; su madre: Juana D\u00edaz; sus hermanos: Ariel, Silvia y Ricardo; sus nietos: Martina Gael y Alexa y dem\u00e1s familiares comunican que sus restos mortales fueron inhumados ayer 18 de agosto en el cementerio parque Jard\u00edn del Castillo. Servicio Previsi\u00f3n Social SRL, Av. H. Irigoyen 1160, S.S de Jujuy. Tel. 4224305.<\/strong><\/p>\n","protected":false},"excerpt":{"rendered":"<p>Falleci\u00f3 el d\u00eda 17 de agosto de 2020. C.A.S.R. y B.P., a la edad de 55 a\u00f1os. Su esposa: Silvina Suvelza; sus hijos: Tamara, \u00c9rica, Abel, Leila, Juan, Miguel, Andr\u00e9s, Valentino, Guillermo y Romina; su madre: Juana D\u00edaz; sus hermanos: Ariel, Silvia y Ricardo; sus nietos: Martina Gael y Alexa y dem\u00e1s familiares comunican que [&hellip;]<\/p>\n","protected":false},"author":5,"featured_media":130005,"comment_status":"open","ping_status":"open","sticky":false,"template":"","format":"standard","meta":{"_stopmodifiedupdate":false,"_modified_date":"","inline_featured_image":false,"spay_email":"","jetpack_publicize_message":""},"categories":[523],"tags":[],"jetpack_featured_media_url":"https:\/\/notinor.com\/jujuy\/wp-content\/uploads\/2017\/08\/Obituarios-1.jpg","jetpack_publicize_connections":[],"_links":{"self":[{"href":"https:\/\/notinor.com\/jujuy\/wp-json\/wp\/v2\/posts\/260514"}],"collection":[{"href":"https:\/\/notinor.com\/jujuy\/wp-json\/wp\/v2\/posts"}],"about":[{"href":"https:\/\/notinor.com\/jujuy\/wp-json\/wp\/v2\/types\/post"}],"author":[{"embeddable":true,"href":"https:\/\/notinor.com\/jujuy\/wp-json\/wp\/v2\/users\/5"}],"replies":[{"embeddable":true,"href":"https:\/\/notinor.com\/jujuy\/wp-json\/wp\/v2\/comments?post=260514"}],"version-history":[{"count":1,"href":"https:\/\/notinor.com\/jujuy\/wp-json\/wp\/v2\/posts\/260514\/revisions"}],"predecessor-version":[{"id":260516,"href":"https:\/\/notinor.com\/jujuy\/wp-json\/wp\/v2\/posts\/260514\/revisions\/260516"}],"wp:featuredmedia":[{"embeddable":true,"href":"https:\/\/notinor.com\/jujuy\/wp-json\/wp\/v2\/media\/130005"}],"wp:attachment":[{"href":"https:\/\/notinor.com\/jujuy\/wp-json\/wp\/v2\/media?parent=260514"}],"wp:term":[{"taxonomy":"category","embeddable":true,"href":"https:\/\/notinor.com\/jujuy\/wp-json\/wp\/v2\/categories?post=260514"},{"taxonomy":"post_tag","embeddable":true,"href":"https:\/\/notinor.com\/jujuy\/wp-json\/wp\/v2\/tags?post=260514"}],"curies":[{"name":"wp","href":"https:\/\/api.w.org\/{rel}","templated":true}]}}